{"id":22847,"date":"2025-06-25T15:23:27","date_gmt":"2025-06-25T21:23:27","guid":{"rendered":"https:\/\/gobernacionaltaverapaz.gob.gt\/?p=22847"},"modified":"2025-09-05T11:42:49","modified_gmt":"2025-09-05T17:42:49","slug":"inauguracion-de-la-senal-tgw-las-verapaces","status":"publish","type":"post","link":"https:\/\/gobernacionaltaverapaz.gob.gt\/?p=22847","title":{"rendered":"Inauguraci\u00f3n de la se\u00f1al TGW \u201cLas Verapaces"},"content":{"rendered":"<div class=\"x14z9mp xat24cr x1lziwak x1vvkbs xtlvy1s x126k92a\">\n<div dir=\"auto\" style=\"text-align: justify;\">Desde Cob\u00e1n, Alta Verapaz, acompa\u00f1amos con entusiasmo el lanzamiento oficial de la repetidora de <span class=\"html-span xdj266r x14z9mp xat24cr x1lziwak xexx8yu xyri2b x18d9i69 x1c1uobl x1hl2dhg x16tdsg8 x1vvkbs\"><a class=\"x1i10hfl xjbqb8w x1ejq31n x18oe1m7 x1sy0etr xstzfhl x972fbf x10w94by x1qhh985 x14e42zd x9f619 x1ypdohk xt0psk2 x3ct3a4 xdj266r x14z9mp xat24cr x1lziwak xexx8yu xyri2b x18d9i69 x1c1uobl x16tdsg8 x1hl2dhg xggy1nq x1a2a7pz xkrqix3 x1sur9pj x1fey0fg x1s688f\" tabindex=\"0\" role=\"link\" href=\"https:\/\/www.facebook.com\/RadioTGW?__cft__[0]=AZVuXYFeu0GPsDCoQDFTGHvxBlIf5mplJUZqfU7ku5rFQYk1YVT80hXWkIjQG6IvD6xJVBj9jsoCn_NzK3FP8Q2M8roC_M8iB0XA4Eu3yFtZE4fH7IrNi1agBiwU7bgpZsxrsv0Rh-XkcrldUZBV87EOkc8-073E3tKD1_ZlRYZ-dUUnHB3F6NF8DyovXnzrfOk&amp;__tn__=-]K-R\"><span class=\"xt0psk2\"><span class=\"xjp7ctv\">Radio TGW<\/span><\/span><\/a><\/span>, un paso clave para fortalecer la comunicaci\u00f3n p\u00fablica y acercar la voz del Estado a las comunidades de esta regi\u00f3n hist\u00f3rica.<\/div>\n<\/div>\n<div class=\"x14z9mp xat24cr x1lziwak x1vvkbs xtlvy1s x126k92a\">\n<div dir=\"auto\" style=\"text-align: justify;\">Con esta reapertura, se ampl\u00eda la cobertura en un territorio caracterizado por su diversidad cultural y geogr\u00e1fica, permitiendo que m\u00e1s personas escuchen contenidos educativos, informativos y culturales, en sinton\u00eda con el compromiso del Gobierno de Guatemala de garantizar el derecho a la informaci\u00f3n.<\/div>\n<div dir=\"auto\"><\/div>\n<\/div>\n<div class=\"x14z9mp xat24cr x1lziwak x1vvkbs xtlvy1s x126k92a\">\n<div dir=\"auto\">\u00a1Seguimos construyendo un pa\u00eds m\u00e1s informado, m\u00e1s unido y con acceso real a la palabra p\u00fablica!<\/div>\n<\/div>\n<p>&nbsp;<\/p>\n<p>&nbsp;<\/p>\n<div><\/div>\n","protected":false},"excerpt":{"rendered":"<p>Desde Cob\u00e1n, Alta Verapaz, acompa\u00f1amos con entusiasmo el lanzamiento oficial de la repetidora de Radio TGW, un paso clave para fortalecer la comunicaci\u00f3n p\u00fablica y acercar la voz del Estado a las comunidades de esta regi\u00f3n hist\u00f3rica. Con esta reapertura, se ampl\u00eda la cobertura en un territorio caracterizado por su diversidad cultural y geogr\u00e1fica, permitiendo [&hellip;]<\/p>\n","protected":false},"author":1,"featured_media":22842,"comment_status":"closed","ping_status":"open","sticky":false,"template":"","format":"gallery","meta":[],"categories":[183],"tags":[178],"_links":{"self":[{"href":"https:\/\/gobernacionaltaverapaz.gob.gt\/index.php?rest_route=\/wp\/v2\/posts\/22847"}],"collection":[{"href":"https:\/\/gobernacionaltaverapaz.gob.gt\/index.php?rest_route=\/wp\/v2\/posts"}],"about":[{"href":"https:\/\/gobernacionaltaverapaz.gob.gt\/index.php?rest_route=\/wp\/v2\/types\/post"}],"author":[{"embeddable":true,"href":"https:\/\/gobernacionaltaverapaz.gob.gt\/index.php?rest_route=\/wp\/v2\/users\/1"}],"replies":[{"embeddable":true,"href":"https:\/\/gobernacionaltaverapaz.gob.gt\/index.php?rest_route=%2Fwp%2Fv2%2Fcomments&post=22847"}],"version-history":[{"count":1,"href":"https:\/\/gobernacionaltaverapaz.gob.gt\/index.php?rest_route=\/wp\/v2\/posts\/22847\/revisions"}],"predecessor-version":[{"id":22848,"href":"https:\/\/gobernacionaltaverapaz.gob.gt\/index.php?rest_route=\/wp\/v2\/posts\/22847\/revisions\/22848"}],"wp:featuredmedia":[{"embeddable":true,"href":"https:\/\/gobernacionaltaverapaz.gob.gt\/index.php?rest_route=\/wp\/v2\/media\/22842"}],"wp:attachment":[{"href":"https:\/\/gobernacionaltaverapaz.gob.gt\/index.php?rest_route=%2Fwp%2Fv2%2Fmedia&parent=22847"}],"wp:term":[{"taxonomy":"category","embeddable":true,"href":"https:\/\/gobernacionaltaverapaz.gob.gt\/index.php?rest_route=%2Fwp%2Fv2%2Fcategories&post=22847"},{"taxonomy":"post_tag","embeddable":true,"href":"https:\/\/gobernacionaltaverapaz.gob.gt\/index.php?rest_route=%2Fwp%2Fv2%2Ftags&post=22847"}],"curies":[{"name":"wp","href":"https:\/\/api.w.org\/{rel}","templated":true}]}}