{"id":22855,"date":"2025-06-27T15:05:37","date_gmt":"2025-06-27T21:05:37","guid":{"rendered":"https:\/\/gobernacionaltaverapaz.gob.gt\/?p=22855"},"modified":"2025-09-05T11:56:03","modified_gmt":"2025-09-05T17:56:03","slug":"sesion-ordinaria-del-codedeav","status":"publish","type":"post","link":"https:\/\/gobernacionaltaverapaz.gob.gt\/?p=22855","title":{"rendered":"Sesi\u00f3n Ordinaria del CODEDEAV"},"content":{"rendered":"<div class=\"x14z9mp xat24cr x1lziwak x1vvkbs xtlvy1s x126k92a\">\n<div dir=\"auto\" style=\"text-align: justify;\">Con el liderazgo de la Gobernadora Departamental y Presidenta del CODEDEAV, Lcda. Dilia Margarita C\u00f3 Coy, se desarroll\u00f3 la sesi\u00f3n ordinaria del Consejo Departamental de Desarrollo, fortaleciendo la planificaci\u00f3n participativa y la inversi\u00f3n p\u00fablica en el departamento.<\/div>\n<\/div>\n<div class=\"x14z9mp xat24cr x1lziwak x1vvkbs xtlvy1s x126k92a\" style=\"text-align: justify;\">\n<div dir=\"auto\"><span class=\"html-span xexx8yu xyri2b x18d9i69 x1c1uobl x1hl2dhg x16tdsg8 x1vvkbs x3nfvp2 x1j61x8r x1fcty0u xdj266r xat24cr xm2jcoa x1mpyi22 xxymvpz xlup9mm x1kky2od\"><img decoding=\"async\" loading=\"lazy\" class=\"xz74otr x15mokao x1ga7v0g x16uus16 xbiv7yw\" src=\"https:\/\/static.xx.fbcdn.net\/images\/emoji.php\/v9\/t33\/1\/16\/2705.png\" alt=\"\u2705\" width=\"16\" height=\"16\" \/><\/span> Temas relevantes abordados:<\/div>\n<\/div>\n<div class=\"x14z9mp xat24cr x1lziwak x1vvkbs xtlvy1s x126k92a\" style=\"text-align: justify;\">\n<div dir=\"auto\">Presentaci\u00f3n de acciones de World Vision en Alta Verapaz y su proyecci\u00f3n estrat\u00e9gica.<\/div>\n<div dir=\"auto\">Solicitud de respaldo institucional para la participaci\u00f3n de FUNDABIEM.<\/div>\n<div dir=\"auto\">Exposici\u00f3n de la Estrategia Nacional de Recuperaci\u00f3n y Conservaci\u00f3n de Bosques, a cargo del MARN.<\/div>\n<div dir=\"auto\">Revisi\u00f3n y aprobaci\u00f3n del c\u00e1lculo de techos presupuestarios 2026.<\/div>\n<div dir=\"auto\">Informe sobre la situaci\u00f3n de expedientes de inversi\u00f3n p\u00fablica 2025.<\/div>\n<div dir=\"auto\">Presentaci\u00f3n de avances f\u00edsicos y financieros CODEDE 2025 y fondos extraordinarios.<\/div>\n<div dir=\"auto\">Puntos Varios:<\/div>\n<div dir=\"auto\">a) Programaci\u00f3n de mesas t\u00e9cnicas de trabajo para asistencia t\u00e9cnica en la formulaci\u00f3n de expedientes 2026.<\/div>\n<div dir=\"auto\">b) Socializaci\u00f3n del proceso SIPROCODE ante el Ministerio de Ambiente y Recursos Naturales (MARN).<\/div>\n<\/div>\n<div class=\"x14z9mp xat24cr x1lziwak x1vvkbs xtlvy1s x126k92a\" style=\"text-align: justify;\">\n<div dir=\"auto\">Reafirmamos nuestro compromiso con la poblaci\u00f3n, siendo un gobierno de transparencia y de coordinaci\u00f3n interinstitucional, mejorando las condiciones de vida de las familias de Alta Verapaz..<\/div>\n<\/div>\n<div class=\"x14z9mp xat24cr x1lziwak x1vvkbs xtlvy1s x126k92a\">\n<div dir=\"auto\" style=\"text-align: justify;\">El Pueblo Digno Es Primero.<\/div>\n<\/div>\n<p>&nbsp;<\/p>\n<div><\/div>\n","protected":false},"excerpt":{"rendered":"<p>Con el liderazgo de la Gobernadora Departamental y Presidenta del CODEDEAV, Lcda. Dilia Margarita C\u00f3 Coy, se desarroll\u00f3 la sesi\u00f3n ordinaria del Consejo Departamental de Desarrollo, fortaleciendo la planificaci\u00f3n participativa y la inversi\u00f3n p\u00fablica en el departamento. Temas relevantes abordados: Presentaci\u00f3n de acciones de World Vision en Alta Verapaz y su proyecci\u00f3n estrat\u00e9gica. Solicitud de [&hellip;]<\/p>\n","protected":false},"author":1,"featured_media":22849,"comment_status":"closed","ping_status":"open","sticky":false,"template":"","format":"gallery","meta":[],"categories":[194],"tags":[178],"_links":{"self":[{"href":"https:\/\/gobernacionaltaverapaz.gob.gt\/index.php?rest_route=\/wp\/v2\/posts\/22855"}],"collection":[{"href":"https:\/\/gobernacionaltaverapaz.gob.gt\/index.php?rest_route=\/wp\/v2\/posts"}],"about":[{"href":"https:\/\/gobernacionaltaverapaz.gob.gt\/index.php?rest_route=\/wp\/v2\/types\/post"}],"author":[{"embeddable":true,"href":"https:\/\/gobernacionaltaverapaz.gob.gt\/index.php?rest_route=\/wp\/v2\/users\/1"}],"replies":[{"embeddable":true,"href":"https:\/\/gobernacionaltaverapaz.gob.gt\/index.php?rest_route=%2Fwp%2Fv2%2Fcomments&post=22855"}],"version-history":[{"count":1,"href":"https:\/\/gobernacionaltaverapaz.gob.gt\/index.php?rest_route=\/wp\/v2\/posts\/22855\/revisions"}],"predecessor-version":[{"id":22856,"href":"https:\/\/gobernacionaltaverapaz.gob.gt\/index.php?rest_route=\/wp\/v2\/posts\/22855\/revisions\/22856"}],"wp:featuredmedia":[{"embeddable":true,"href":"https:\/\/gobernacionaltaverapaz.gob.gt\/index.php?rest_route=\/wp\/v2\/media\/22849"}],"wp:attachment":[{"href":"https:\/\/gobernacionaltaverapaz.gob.gt\/index.php?rest_route=%2Fwp%2Fv2%2Fmedia&parent=22855"}],"wp:term":[{"taxonomy":"category","embeddable":true,"href":"https:\/\/gobernacionaltaverapaz.gob.gt\/index.php?rest_route=%2Fwp%2Fv2%2Fcategories&post=22855"},{"taxonomy":"post_tag","embeddable":true,"href":"https:\/\/gobernacionaltaverapaz.gob.gt\/index.php?rest_route=%2Fwp%2Fv2%2Ftags&post=22855"}],"curies":[{"name":"wp","href":"https:\/\/api.w.org\/{rel}","templated":true}]}}