{"id":22860,"date":"2025-06-28T11:08:52","date_gmt":"2025-06-28T17:08:52","guid":{"rendered":"https:\/\/gobernacionaltaverapaz.gob.gt\/?p=22860"},"modified":"2025-09-05T12:07:35","modified_gmt":"2025-09-05T18:07:35","slug":"entrega-y-trascendencia-en-el-ambito-de-la-educacion","status":"publish","type":"post","link":"https:\/\/gobernacionaltaverapaz.gob.gt\/?p=22860","title":{"rendered":"Entrega y trascendencia en el \u00e1mbito de la educaci\u00f3n"},"content":{"rendered":"<div>\n<div>\n<div class=\"x1yztbdb x1n2onr6 xh8yej3 x1ja2u2z\">\n<div class=\"x1n2onr6 x1ja2u2z\">\n<div>\n<div>\n<div class=\"x1a2a7pz\" aria-posinset=\"243\" aria-describedby=\"_r_hbs_ _r_hbt_ _r_hbu_ _r_hc0_ _r_hbv_\" aria-labelledby=\"_r_hbr_\">\n<div class=\"x78zum5 xdt5ytf\" data-virtualized=\"false\">\n<div class=\"x9f619 x1n2onr6 x1ja2u2z\">\n<div class=\"html-div xdj266r x14z9mp xat24cr x1lziwak xexx8yu xyri2b x18d9i69 x1c1uobl x78zum5 x1n2onr6 xh8yej3\">\n<div class=\"x1n2onr6 x1ja2u2z x1jx94hy xw5cjc7 x1dmpuos x1vsv7so xau1kf4 x9f619 xh8yej3 x6ikm8r x10wlt62 xquyuld\">\n<div>\n<div class=\"html-div xdj266r x14z9mp xat24cr x1lziwak xexx8yu xyri2b x18d9i69 x1c1uobl\">\n<div class=\"html-div xdj266r x14z9mp xat24cr x1lziwak xexx8yu xyri2b x18d9i69 x1c1uobl\">\n<div class=\"html-div xdj266r x14z9mp xat24cr x1lziwak xexx8yu xyri2b x18d9i69 x1c1uobl\">\n<div class=\"html-div xdj266r x14z9mp xat24cr x1lziwak xexx8yu xyri2b x18d9i69 x1c1uobl\">\n<div class=\"html-div xdj266r x14z9mp xat24cr x1lziwak xexx8yu xyri2b x18d9i69 x1c1uobl\" dir=\"auto\">\n<div class=\"html-div xdj266r x14z9mp xat24cr x1lziwak xexx8yu xyri2b x18d9i69 x1c1uobl\" data-ad-rendering-role=\"story_message\">\n<div id=\"_r_hbt_\" class=\"x1l90r2v x1iorvi4 x1g0dm76 xpdmqnj\" data-ad-comet-preview=\"message\" data-ad-preview=\"message\">\n<div class=\"x78zum5 xdt5ytf xz62fqu x16ldp7u\">\n<div class=\"xu06os2 x1ok221b\">\n<div class=\"html-div xdj266r x14z9mp xat24cr x1lziwak xexx8yu xyri2b x18d9i69 x1c1uobl\">\n<div class=\"xdj266r x14z9mp xat24cr x1lziwak x1vvkbs x126k92a\">\n<div dir=\"auto\" style=\"text-align: justify;\">La Gobernadora Departamental de Alta Verapaz, Dilia Margarita C\u00f3 Coy, expresa su m\u00e1s c\u00e1lida felicitaci\u00f3n al maestro Oswaldo Si Caal, originario del municipio de Tactic, por haber sido distinguido a nivel nacional con la Orden Francisco Marroqu\u00edn, el m\u00e1s alto reconocimiento que el Estado de Guatemala otorga a educadores ejemplares por su vocaci\u00f3n, entrega y trascendencia en el \u00e1mbito de la educaci\u00f3n.<\/div>\n<\/div>\n<div class=\"x14z9mp xat24cr x1lziwak x1vvkbs xtlvy1s x126k92a\" style=\"text-align: justify;\">\n<div dir=\"auto\">Este galard\u00f3n fue entregado por el Presidente de la Rep\u00fablica, Bernardo Ar\u00e9valo, en solemne acto, reconociendo as\u00ed a diez docentes que han marcado una diferencia positiva en sus comunidades. Entre ellos, el maestro Oswaldo Si Caal representa con dignidad y orgullo a Alta Verapaz.<\/div>\n<\/div>\n<div class=\"x14z9mp xat24cr x1lziwak x1vvkbs xtlvy1s x126k92a\" style=\"text-align: justify;\">\n<div dir=\"auto\">Egresado del Instituto Normal Mixto del Norte Emilio Rosales Ponce, el profesor Si Caal ha dedicado su vida a la formaci\u00f3n de la ni\u00f1ez desde la Escuela Oficial Rural Mixta de la Aldea Chiall\u00ed, en Tactic. Adem\u00e1s, ha sido reconocido como maestro distinguido por el Distrito Escolar 16-04-09, y ha promovido la integraci\u00f3n y los valores comunitarios mediante la fundaci\u00f3n de las \u201cOlimpiadas por la Unidad\u201d en el Instituto B\u00e1sico Manel Samora Lobos.<\/div>\n<\/div>\n<div class=\"x14z9mp xat24cr x1lziwak x1vvkbs xtlvy1s x126k92a\" style=\"text-align: justify;\">\n<div dir=\"auto\">Su ejemplo nos recuerda que la educaci\u00f3n transforma vidas y que en las aulas de nuestra regi\u00f3n se siembran las semillas del futuro que todos so\u00f1amos.<\/div>\n<\/div>\n<div class=\"x14z9mp xat24cr x1lziwak x1vvkbs xtlvy1s x126k92a\" style=\"text-align: justify;\">\n<div dir=\"auto\">Su trayectoria reafirma que en Alta Verapaz contamos con docentes cuya labor trasciende el aula, y que con esfuerzo, vocaci\u00f3n y compromiso ponen en alto el nombre de sus comunidades, de su municipio y de todo el departamento.<\/div>\n<\/div>\n<div class=\"x14z9mp xat24cr x1lziwak x1vvkbs xtlvy1s x126k92a\" style=\"text-align: justify;\">\n<div dir=\"auto\">\u201cComo Gobernadora y como coterr\u00e1nea, me llena de emoci\u00f3n ver que un ciudadano de Tactic ha sido reconocido con tan alta distinci\u00f3n. Su labor inspira a nuevas generaciones de maestros y fortalece la esperanza de una educaci\u00f3n de calidad, culturalmente pertinente y transformadora\u201d, expres\u00f3 la Gobernadora Dilia Margarita C\u00f3 Coy.<\/div>\n<\/div>\n<div class=\"x14z9mp xat24cr x1lziwak x1vvkbs xtlvy1s x126k92a\" style=\"text-align: justify;\">\n<div dir=\"auto\">Invitamos a toda la poblaci\u00f3n a reconocer el valor del magisterio, a honrar a quienes con su trabajo silencioso iluminan el camino de miles de ni\u00f1as, ni\u00f1os y j\u00f3venes, y a apoyar decididamente los procesos educativos como pilar fundamental del desarrollo de Alta Verapaz.<\/div>\n<div dir=\"auto\"><\/div>\n<\/div>\n<div class=\"x14z9mp xat24cr x1lziwak x1vvkbs xtlvy1s x126k92a\">\n<div dir=\"auto\" style=\"text-align: justify;\">\u00a1Felicidades maestro Oswaldo Si Caal! Su legado ya es parte de la historia viva de la educaci\u00f3n en Guatemala.<\/div>\n<\/div>\n<div class=\"x14z9mp xat24cr x1lziwak x1vvkbs xtlvy1s x126k92a\"><\/div>\n<\/div>\n<\/div>\n<\/div>\n<\/div>\n<\/div>\n<\/div>\n<\/div>\n<\/div>\n<\/div>\n<\/div>\n<\/div>\n<\/div>\n<\/div>\n<\/div>\n<\/div>\n<\/div>\n<\/div>\n<\/div>\n<\/div>\n<\/div>\n<\/div>\n<\/div>\n<div>\n<div class=\"x1yztbdb x1n2onr6 xh8yej3 x1ja2u2z\">\n<div class=\"x1n2onr6 x1ja2u2z\">\n<div class=\"x1a2a7pz\" aria-posinset=\"244\" aria-describedby=\"_r_hgc_ _r_hgd_ _r_hge_ _r_hgg_ _r_hgf_\" aria-labelledby=\"_r_hgb_\">\n<div class=\"x78zum5 xdt5ytf\" data-virtualized=\"false\">\n<div class=\"x9f619 x1n2onr6 x1ja2u2z\">\n<div class=\"html-div xdj266r x14z9mp xat24cr x1lziwak xexx8yu xyri2b x18d9i69 x1c1uobl x78zum5 x1n2onr6 xh8yej3\">\n<div class=\"x1n2onr6 x1ja2u2z x1jx94hy xw5cjc7 x1dmpuos x1vsv7so xau1kf4 x9f619 xh8yej3 x6ikm8r x10wlt62 xquyuld\">\n<div class=\"html-div xdj266r x14z9mp xat24cr x1lziwak xexx8yu xyri2b x18d9i69 x1c1uobl\">\n<div class=\"html-div xdj266r x14z9mp xat24cr x1lziwak xexx8yu xyri2b x18d9i69 x1c1uobl\">\n<div class=\"html-div xdj266r x14z9mp xat24cr x1lziwak xexx8yu xyri2b x18d9i69 x1c1uobl\">\n<div>\n<div class=\"x7600vw x10l6tqk x1dquyif\" aria-hidden=\"true\" data-0=\"0\" data-1=\"1\" data-2=\"2\" data-3=\"3\" data-4=\"4\" data-5=\"5\" data-6=\"6\" data-7=\"7\" data-8=\"8\" data-9=\"9\" data-10=\"10\" data-11=\"11\" data-12=\"12\" data-13=\"13\" data-14=\"14\" data-15=\"15\" data-16=\"16\" data-17=\"17\" data-18=\"18\" data-19=\"19\">\n<div tabindex=\"-1\" role=\"button\" aria-hidden=\"true\"><\/div>\n<div tabindex=\"-1\" role=\"button\" aria-hidden=\"true\"><\/div>\n<div class=\"x1i10hfl xjbqb8w x1ejq31n x18oe1m7 x1sy0etr xstzfhl x972fbf x10w94by x1qhh985 x14e42zd x9f619 x1ypdohk xt0psk2 x3ct3a4 xdj266r x14z9mp xat24cr x1lziwak xexx8yu xyri2b x18d9i69 x1c1uobl x16tdsg8 x1hl2dhg xggy1nq x1a2a7pz x1heor9g xkrqix3 x1sur9pj x1s688f\" tabindex=\"-1\" role=\"button\" aria-hidden=\"true\">\n<\/div>\n<\/div>\n<\/div>\n<\/div>\n<\/div>\n<\/div>\n<\/div>\n<\/div>\n<\/div>\n<\/div>\n<\/div>\n<\/div>\n<\/div>\n<\/div>\n","protected":false},"excerpt":{"rendered":"<p>La Gobernadora Departamental de Alta Verapaz, Dilia Margarita C\u00f3 Coy, expresa su m\u00e1s c\u00e1lida felicitaci\u00f3n al maestro Oswaldo Si Caal, originario del municipio de Tactic, por haber sido distinguido a nivel nacional con la Orden Francisco Marroqu\u00edn, el m\u00e1s alto reconocimiento que el Estado de Guatemala otorga a educadores ejemplares por su vocaci\u00f3n, entrega y [&hellip;]<\/p>\n","protected":false},"author":1,"featured_media":22857,"comment_status":"closed","ping_status":"open","sticky":false,"template":"","format":"gallery","meta":[],"categories":[2],"tags":[178],"_links":{"self":[{"href":"https:\/\/gobernacionaltaverapaz.gob.gt\/index.php?rest_route=\/wp\/v2\/posts\/22860"}],"collection":[{"href":"https:\/\/gobernacionaltaverapaz.gob.gt\/index.php?rest_route=\/wp\/v2\/posts"}],"about":[{"href":"https:\/\/gobernacionaltaverapaz.gob.gt\/index.php?rest_route=\/wp\/v2\/types\/post"}],"author":[{"embeddable":true,"href":"https:\/\/gobernacionaltaverapaz.gob.gt\/index.php?rest_route=\/wp\/v2\/users\/1"}],"replies":[{"embeddable":true,"href":"https:\/\/gobernacionaltaverapaz.gob.gt\/index.php?rest_route=%2Fwp%2Fv2%2Fcomments&post=22860"}],"version-history":[{"count":1,"href":"https:\/\/gobernacionaltaverapaz.gob.gt\/index.php?rest_route=\/wp\/v2\/posts\/22860\/revisions"}],"predecessor-version":[{"id":22861,"href":"https:\/\/gobernacionaltaverapaz.gob.gt\/index.php?rest_route=\/wp\/v2\/posts\/22860\/revisions\/22861"}],"wp:featuredmedia":[{"embeddable":true,"href":"https:\/\/gobernacionaltaverapaz.gob.gt\/index.php?rest_route=\/wp\/v2\/media\/22857"}],"wp:attachment":[{"href":"https:\/\/gobernacionaltaverapaz.gob.gt\/index.php?rest_route=%2Fwp%2Fv2%2Fmedia&parent=22860"}],"wp:term":[{"taxonomy":"category","embeddable":true,"href":"https:\/\/gobernacionaltaverapaz.gob.gt\/index.php?rest_route=%2Fwp%2Fv2%2Fcategories&post=22860"},{"taxonomy":"post_tag","embeddable":true,"href":"https:\/\/gobernacionaltaverapaz.gob.gt\/index.php?rest_route=%2Fwp%2Fv2%2Ftags&post=22860"}],"curies":[{"name":"wp","href":"https:\/\/api.w.org\/{rel}","templated":true}]}}