{"id":22867,"date":"2025-06-30T07:14:55","date_gmt":"2025-06-30T13:14:55","guid":{"rendered":"https:\/\/gobernacionaltaverapaz.gob.gt\/?p=22867"},"modified":"2025-09-05T12:18:39","modified_gmt":"2025-09-05T18:18:39","slug":"proceso-de-dialogo-que-permitio-iniciar-el-restablecimiento-del-servicio-de-energia-electrica-en-raxruha","status":"publish","type":"post","link":"https:\/\/gobernacionaltaverapaz.gob.gt\/?p=22867","title":{"rendered":"Proceso de di\u00e1logo que permiti\u00f3 iniciar el restablecimiento del servicio de energ\u00eda el\u00e9ctrica en Raxruh\u00e1"},"content":{"rendered":"<div class=\"xdj266r x14z9mp xat24cr x1lziwak x1vvkbs x126k92a\">\n<div dir=\"auto\" style=\"text-align: justify;\">Como parte de su labor de mediaci\u00f3n y coordinaci\u00f3n interinstitucional, la Gobernaci\u00f3n Departamental de Alta Verapaz acompa\u00f1\u00f3 el proceso de di\u00e1logo que permiti\u00f3 iniciar el restablecimiento del servicio de energ\u00eda el\u00e9ctrica en Raxruh\u00e1, en respuesta a la necesidad urgente de comunidades afectadas.<\/div>\n<\/div>\n<div class=\"x14z9mp xat24cr x1lziwak x1vvkbs xtlvy1s x126k92a\" style=\"text-align: justify;\">\n<div dir=\"auto\">El pasado viernes 27 de junio, se facilit\u00f3 una mesa de acuerdos entre autoridades municipales, representantes comunitarios, Energuate, la Procuradur\u00eda de los Derechos Humanos y la Polic\u00eda Nacional Civil. Gracias a este esfuerzo conjunto, el dia s\u00e1bado 28 de junio, se realizaron las primeras acciones t\u00e9cnicas bajo condiciones seguras y con respaldo de la poblaci\u00f3n.<\/div>\n<\/div>\n<div class=\"x14z9mp xat24cr x1lziwak x1vvkbs xtlvy1s x126k92a\">\n<div dir=\"auto\" style=\"text-align: justify;\">El proceso continuar\u00e1, priorizando siempre el bienestar y la dignidad del pueblo.<\/div>\n<\/div>\n<p>&nbsp;<\/p>\n<div><\/div>\n","protected":false},"excerpt":{"rendered":"<p>Como parte de su labor de mediaci\u00f3n y coordinaci\u00f3n interinstitucional, la Gobernaci\u00f3n Departamental de Alta Verapaz acompa\u00f1\u00f3 el proceso de di\u00e1logo que permiti\u00f3 iniciar el restablecimiento del servicio de energ\u00eda el\u00e9ctrica en Raxruh\u00e1, en respuesta a la necesidad urgente de comunidades afectadas. El pasado viernes 27 de junio, se facilit\u00f3 una mesa de acuerdos entre [&hellip;]<\/p>\n","protected":false},"author":1,"featured_media":22862,"comment_status":"closed","ping_status":"open","sticky":false,"template":"","format":"gallery","meta":[],"categories":[201],"tags":[178],"_links":{"self":[{"href":"https:\/\/gobernacionaltaverapaz.gob.gt\/index.php?rest_route=\/wp\/v2\/posts\/22867"}],"collection":[{"href":"https:\/\/gobernacionaltaverapaz.gob.gt\/index.php?rest_route=\/wp\/v2\/posts"}],"about":[{"href":"https:\/\/gobernacionaltaverapaz.gob.gt\/index.php?rest_route=\/wp\/v2\/types\/post"}],"author":[{"embeddable":true,"href":"https:\/\/gobernacionaltaverapaz.gob.gt\/index.php?rest_route=\/wp\/v2\/users\/1"}],"replies":[{"embeddable":true,"href":"https:\/\/gobernacionaltaverapaz.gob.gt\/index.php?rest_route=%2Fwp%2Fv2%2Fcomments&post=22867"}],"version-history":[{"count":1,"href":"https:\/\/gobernacionaltaverapaz.gob.gt\/index.php?rest_route=\/wp\/v2\/posts\/22867\/revisions"}],"predecessor-version":[{"id":22868,"href":"https:\/\/gobernacionaltaverapaz.gob.gt\/index.php?rest_route=\/wp\/v2\/posts\/22867\/revisions\/22868"}],"wp:featuredmedia":[{"embeddable":true,"href":"https:\/\/gobernacionaltaverapaz.gob.gt\/index.php?rest_route=\/wp\/v2\/media\/22862"}],"wp:attachment":[{"href":"https:\/\/gobernacionaltaverapaz.gob.gt\/index.php?rest_route=%2Fwp%2Fv2%2Fmedia&parent=22867"}],"wp:term":[{"taxonomy":"category","embeddable":true,"href":"https:\/\/gobernacionaltaverapaz.gob.gt\/index.php?rest_route=%2Fwp%2Fv2%2Fcategories&post=22867"},{"taxonomy":"post_tag","embeddable":true,"href":"https:\/\/gobernacionaltaverapaz.gob.gt\/index.php?rest_route=%2Fwp%2Fv2%2Ftags&post=22867"}],"curies":[{"name":"wp","href":"https:\/\/api.w.org\/{rel}","templated":true}]}}