{"id":22884,"date":"2025-06-30T12:00:01","date_gmt":"2025-06-30T18:00:01","guid":{"rendered":"https:\/\/gobernacionaltaverapaz.gob.gt\/?p=22884"},"modified":"2025-09-05T14:39:32","modified_gmt":"2025-09-05T20:39:32","slug":"alta-verapaz-conmemora-el-dia-del-ejercito-de-guatemala-y-la-gesta-revolucionaria-de-1871","status":"publish","type":"post","link":"https:\/\/gobernacionaltaverapaz.gob.gt\/?p=22884","title":{"rendered":"Alta Verapaz conmemora el D\u00eda del Ej\u00e9rcito de Guatemala y la Gesta Revolucionaria de 1871"},"content":{"rendered":"<div class=\"x14z9mp xat24cr x1lziwak x1vvkbs xtlvy1s x126k92a\">\n<div dir=\"auto\" style=\"text-align: justify;\">Este lunes 30 de junio se desarrollaron en Cob\u00e1n los actos protocolarios oficiales con motivo del CLIV Aniversario de la Gesta Revolucionaria de 1871 y el D\u00eda del Ej\u00e9rcito de Guatemala.<\/div>\n<\/div>\n<div class=\"x14z9mp xat24cr x1lziwak x1vvkbs xtlvy1s x126k92a\" style=\"text-align: justify;\">\n<div dir=\"auto\">La jornada inici\u00f3 con un acto c\u00edvico en el Parque Central La Paz, frente a la Municipalidad de Cob\u00e1n, y continu\u00f3 con una recepci\u00f3n especial en el Comando Regional de Entrenamiento de Operaciones de Mantenimiento de Paz (CREOMPAZ), con la participaci\u00f3n de mandos militares, autoridades gubernamentales e invitados especiales.<\/div>\n<\/div>\n<div class=\"x14z9mp xat24cr x1lziwak x1vvkbs xtlvy1s x126k92a\" style=\"text-align: justify;\">\n<div dir=\"auto\">Este d\u00eda representa una oportunidad para reflexionar sobre el papel del Ej\u00e9rcito en el fortalecimiento de la democracia, la protecci\u00f3n de la ciudadan\u00eda y su apoyo en situaciones de emergencia, tal como lo establece la Constituci\u00f3n.<\/div>\n<\/div>\n<div class=\"x14z9mp xat24cr x1lziwak x1vvkbs xtlvy1s x126k92a\">\n<div dir=\"auto\" style=\"text-align: justify;\"><\/div>\n<div dir=\"auto\" style=\"text-align: justify;\">Desde el Gobierno de Guatemala y la Gobernaci\u00f3n Departamental de Alta Verapaz, reafirmamos nuestro compromiso con una instituci\u00f3n al servicio del pueblo y de la paz.<\/div>\n<\/div>\n<p>&nbsp;<\/p>\n<p>&nbsp;<\/p>\n<p>&nbsp;<\/p>\n<div><\/div>\n","protected":false},"excerpt":{"rendered":"<p>Este lunes 30 de junio se desarrollaron en Cob\u00e1n los actos protocolarios oficiales con motivo del CLIV Aniversario de la Gesta Revolucionaria de 1871 y el D\u00eda del Ej\u00e9rcito de Guatemala. La jornada inici\u00f3 con un acto c\u00edvico en el Parque Central La Paz, frente a la Municipalidad de Cob\u00e1n, y continu\u00f3 con una recepci\u00f3n [&hellip;]<\/p>\n","protected":false},"author":1,"featured_media":22869,"comment_status":"closed","ping_status":"open","sticky":false,"template":"","format":"gallery","meta":[],"categories":[183],"tags":[178],"_links":{"self":[{"href":"https:\/\/gobernacionaltaverapaz.gob.gt\/index.php?rest_route=\/wp\/v2\/posts\/22884"}],"collection":[{"href":"https:\/\/gobernacionaltaverapaz.gob.gt\/index.php?rest_route=\/wp\/v2\/posts"}],"about":[{"href":"https:\/\/gobernacionaltaverapaz.gob.gt\/index.php?rest_route=\/wp\/v2\/types\/post"}],"author":[{"embeddable":true,"href":"https:\/\/gobernacionaltaverapaz.gob.gt\/index.php?rest_route=\/wp\/v2\/users\/1"}],"replies":[{"embeddable":true,"href":"https:\/\/gobernacionaltaverapaz.gob.gt\/index.php?rest_route=%2Fwp%2Fv2%2Fcomments&post=22884"}],"version-history":[{"count":1,"href":"https:\/\/gobernacionaltaverapaz.gob.gt\/index.php?rest_route=\/wp\/v2\/posts\/22884\/revisions"}],"predecessor-version":[{"id":22885,"href":"https:\/\/gobernacionaltaverapaz.gob.gt\/index.php?rest_route=\/wp\/v2\/posts\/22884\/revisions\/22885"}],"wp:featuredmedia":[{"embeddable":true,"href":"https:\/\/gobernacionaltaverapaz.gob.gt\/index.php?rest_route=\/wp\/v2\/media\/22869"}],"wp:attachment":[{"href":"https:\/\/gobernacionaltaverapaz.gob.gt\/index.php?rest_route=%2Fwp%2Fv2%2Fmedia&parent=22884"}],"wp:term":[{"taxonomy":"category","embeddable":true,"href":"https:\/\/gobernacionaltaverapaz.gob.gt\/index.php?rest_route=%2Fwp%2Fv2%2Fcategories&post=22884"},{"taxonomy":"post_tag","embeddable":true,"href":"https:\/\/gobernacionaltaverapaz.gob.gt\/index.php?rest_route=%2Fwp%2Fv2%2Ftags&post=22884"}],"curies":[{"name":"wp","href":"https:\/\/api.w.org\/{rel}","templated":true}]}}