{"id":22898,"date":"2025-07-01T15:46:46","date_gmt":"2025-07-01T21:46:46","guid":{"rendered":"https:\/\/gobernacionaltaverapaz.gob.gt\/?p=22898"},"modified":"2025-09-05T14:47:23","modified_gmt":"2025-09-05T20:47:23","slug":"reconocimiento-al-servicio-y-compromiso-de-las-reservas-militares-de-alta-verapaz","status":"publish","type":"post","link":"https:\/\/gobernacionaltaverapaz.gob.gt\/?p=22898","title":{"rendered":"Reconocimiento al servicio y compromiso de las Reservas Militares de Alta Verapaz"},"content":{"rendered":"<div class=\"x14z9mp xat24cr x1lziwak x1vvkbs xtlvy1s x126k92a\">\n<div dir=\"auto\" style=\"text-align: justify;\">El domingo 29 de junio, se llev\u00f3 a cabo el acto de ascenso a grado superior inmediato del personal que integra la Compa\u00f1\u00eda de <span class=\"html-span xdj266r x14z9mp xat24cr x1lziwak xexx8yu xyri2b x18d9i69 x1c1uobl x1hl2dhg x16tdsg8 x1vvkbs\"><a class=\"x1i10hfl xjbqb8w x1ejq31n x18oe1m7 x1sy0etr xstzfhl x972fbf x10w94by x1qhh985 x14e42zd x9f619 x1ypdohk xt0psk2 x3ct3a4 xdj266r x14z9mp xat24cr x1lziwak xexx8yu xyri2b x18d9i69 x1c1uobl x16tdsg8 x1hl2dhg xggy1nq x1a2a7pz xkrqix3 x1sur9pj x1fey0fg x1s688f\" tabindex=\"0\" role=\"link\" href=\"https:\/\/www.facebook.com\/resmil.av?__cft__[0]=AZVx4rIqcj40P9XrmOxdQ4SAYdzhvTdSZiOsHh3Q5zNqp0YqWpH5Gn-_jfOBAZj3GdfnGO71GGJpU6oR4bT5h79xmfQJxZcqVwHhsSnY-l90670lELlOq11vDGjKTkbvCGzS1aiijVTnILT9Mbz9GkVBiJFDT1Qxrkq0O0r6kq1RYHvmvjOg1NrvtLTBr0PJkSI&amp;__tn__=-]K-R\"><span class=\"xt0psk2\"><span class=\"xjp7ctv\">Reservas Militares AV<\/span><\/span><\/a><\/span> \u201cPromoci\u00f3n LXXI\u201d.<\/div>\n<\/div>\n<div class=\"x14z9mp xat24cr x1lziwak x1vvkbs xtlvy1s x126k92a\" style=\"text-align: justify;\">\n<div dir=\"auto\">La ceremonia se realiz\u00f3 en el Sal\u00f3n de Usos M\u00faltiples de la Cooperativa MICOPE, en Cob\u00e1n, con la participaci\u00f3n de autoridades civiles y militares, como muestra de respeto y gratitud hacia quienes han servido a la patria desde la reserva activa.<\/div>\n<\/div>\n<div class=\"x14z9mp xat24cr x1lziwak x1vvkbs xtlvy1s x126k92a\" style=\"text-align: justify;\">\n<div dir=\"auto\">Este acto refleja el compromiso del Ej\u00e9rcito de Guatemala en tiempos de paz, reconociendo la trayectoria de mujeres y hombres que mantienen vivo el esp\u00edritu de servicio.<\/div>\n<\/div>\n<div class=\"x14z9mp xat24cr x1lziwak x1vvkbs xtlvy1s x126k92a\">\n<div dir=\"auto\" style=\"text-align: justify;\">Desde el Gobierno de Guatemala y la Gobernaci\u00f3n Departamental de Alta Verapaz, reiteramos nuestro reconocimiento a quienes con lealtad y vocaci\u00f3n fortalecen la institucionalidad y el bienestar com\u00fan.<\/div>\n<\/div>\n<p>&nbsp;<\/p>\n<div><\/div>\n","protected":false},"excerpt":{"rendered":"<p>El domingo 29 de junio, se llev\u00f3 a cabo el acto de ascenso a grado superior inmediato del personal que integra la Compa\u00f1\u00eda de Reservas Militares AV \u201cPromoci\u00f3n LXXI\u201d. La ceremonia se realiz\u00f3 en el Sal\u00f3n de Usos M\u00faltiples de la Cooperativa MICOPE, en Cob\u00e1n, con la participaci\u00f3n de autoridades civiles y militares, como muestra [&hellip;]<\/p>\n","protected":false},"author":1,"featured_media":22886,"comment_status":"closed","ping_status":"open","sticky":false,"template":"","format":"gallery","meta":[],"categories":[183],"tags":[178],"_links":{"self":[{"href":"https:\/\/gobernacionaltaverapaz.gob.gt\/index.php?rest_route=\/wp\/v2\/posts\/22898"}],"collection":[{"href":"https:\/\/gobernacionaltaverapaz.gob.gt\/index.php?rest_route=\/wp\/v2\/posts"}],"about":[{"href":"https:\/\/gobernacionaltaverapaz.gob.gt\/index.php?rest_route=\/wp\/v2\/types\/post"}],"author":[{"embeddable":true,"href":"https:\/\/gobernacionaltaverapaz.gob.gt\/index.php?rest_route=\/wp\/v2\/users\/1"}],"replies":[{"embeddable":true,"href":"https:\/\/gobernacionaltaverapaz.gob.gt\/index.php?rest_route=%2Fwp%2Fv2%2Fcomments&post=22898"}],"version-history":[{"count":1,"href":"https:\/\/gobernacionaltaverapaz.gob.gt\/index.php?rest_route=\/wp\/v2\/posts\/22898\/revisions"}],"predecessor-version":[{"id":22899,"href":"https:\/\/gobernacionaltaverapaz.gob.gt\/index.php?rest_route=\/wp\/v2\/posts\/22898\/revisions\/22899"}],"wp:featuredmedia":[{"embeddable":true,"href":"https:\/\/gobernacionaltaverapaz.gob.gt\/index.php?rest_route=\/wp\/v2\/media\/22886"}],"wp:attachment":[{"href":"https:\/\/gobernacionaltaverapaz.gob.gt\/index.php?rest_route=%2Fwp%2Fv2%2Fmedia&parent=22898"}],"wp:term":[{"taxonomy":"category","embeddable":true,"href":"https:\/\/gobernacionaltaverapaz.gob.gt\/index.php?rest_route=%2Fwp%2Fv2%2Fcategories&post=22898"},{"taxonomy":"post_tag","embeddable":true,"href":"https:\/\/gobernacionaltaverapaz.gob.gt\/index.php?rest_route=%2Fwp%2Fv2%2Ftags&post=22898"}],"curies":[{"name":"wp","href":"https:\/\/api.w.org\/{rel}","templated":true}]}}