{"id":22909,"date":"2025-07-01T16:16:34","date_gmt":"2025-07-01T22:16:34","guid":{"rendered":"https:\/\/gobernacionaltaverapaz.gob.gt\/?p=22909"},"modified":"2025-09-05T14:56:16","modified_gmt":"2025-09-05T20:56:16","slug":"atletas-de-baloncesto-de-alta-verapaz-rumbo-al-final-four-nacional","status":"publish","type":"post","link":"https:\/\/gobernacionaltaverapaz.gob.gt\/?p=22909","title":{"rendered":"Atletas de baloncesto de Alta Verapaz rumbo al Final Four Nacional"},"content":{"rendered":"<div class=\"x14z9mp xat24cr x1lziwak x1vvkbs xtlvy1s x126k92a\">\n<div dir=\"auto\" style=\"text-align: justify;\">Con entusiasmo y orgullo se llev\u00f3 a cabo la juramentaci\u00f3n oficial de la selecci\u00f3n departamental de baloncesto categor\u00eda U, quienes representar\u00e1n a Alta Verapaz en los Juegos Deportivos Nacionales 2025.<\/div>\n<\/div>\n<div class=\"x14z9mp xat24cr x1lziwak x1vvkbs xtlvy1s x126k92a\" style=\"text-align: justify;\">\n<div dir=\"auto\">Durante el acto, se destac\u00f3 el esfuerzo, la disciplina y la dedicaci\u00f3n de estos j\u00f3venes atletas, quienes hoy se convierten en embajadores del esp\u00edritu deportivo de nuestro departamento.<\/div>\n<\/div>\n<div class=\"x14z9mp xat24cr x1lziwak x1vvkbs xtlvy1s x126k92a\">\n<div dir=\"auto\" style=\"text-align: justify;\">Reafirmamos nuestro compromiso con el deporte como herramienta de transformaci\u00f3n social, de fortalecimiento de valores y de construcci\u00f3n de oportunidades para la ni\u00f1ez y juventud guatemalteca.<\/div>\n<div dir=\"auto\"><\/div>\n<div dir=\"auto\">\u00a0\u00a1Alta Verapaz est\u00e1 orgullosa de ustedes!<\/div>\n<\/div>\n<p>&nbsp;<\/p>\n<p>&nbsp;<\/p>\n<div><\/div>\n","protected":false},"excerpt":{"rendered":"<p>Con entusiasmo y orgullo se llev\u00f3 a cabo la juramentaci\u00f3n oficial de la selecci\u00f3n departamental de baloncesto categor\u00eda U, quienes representar\u00e1n a Alta Verapaz en los Juegos Deportivos Nacionales 2025. Durante el acto, se destac\u00f3 el esfuerzo, la disciplina y la dedicaci\u00f3n de estos j\u00f3venes atletas, quienes hoy se convierten en embajadores del esp\u00edritu deportivo [&hellip;]<\/p>\n","protected":false},"author":1,"featured_media":22900,"comment_status":"closed","ping_status":"open","sticky":false,"template":"","format":"gallery","meta":[],"categories":[183],"tags":[178],"_links":{"self":[{"href":"https:\/\/gobernacionaltaverapaz.gob.gt\/index.php?rest_route=\/wp\/v2\/posts\/22909"}],"collection":[{"href":"https:\/\/gobernacionaltaverapaz.gob.gt\/index.php?rest_route=\/wp\/v2\/posts"}],"about":[{"href":"https:\/\/gobernacionaltaverapaz.gob.gt\/index.php?rest_route=\/wp\/v2\/types\/post"}],"author":[{"embeddable":true,"href":"https:\/\/gobernacionaltaverapaz.gob.gt\/index.php?rest_route=\/wp\/v2\/users\/1"}],"replies":[{"embeddable":true,"href":"https:\/\/gobernacionaltaverapaz.gob.gt\/index.php?rest_route=%2Fwp%2Fv2%2Fcomments&post=22909"}],"version-history":[{"count":1,"href":"https:\/\/gobernacionaltaverapaz.gob.gt\/index.php?rest_route=\/wp\/v2\/posts\/22909\/revisions"}],"predecessor-version":[{"id":22910,"href":"https:\/\/gobernacionaltaverapaz.gob.gt\/index.php?rest_route=\/wp\/v2\/posts\/22909\/revisions\/22910"}],"wp:featuredmedia":[{"embeddable":true,"href":"https:\/\/gobernacionaltaverapaz.gob.gt\/index.php?rest_route=\/wp\/v2\/media\/22900"}],"wp:attachment":[{"href":"https:\/\/gobernacionaltaverapaz.gob.gt\/index.php?rest_route=%2Fwp%2Fv2%2Fmedia&parent=22909"}],"wp:term":[{"taxonomy":"category","embeddable":true,"href":"https:\/\/gobernacionaltaverapaz.gob.gt\/index.php?rest_route=%2Fwp%2Fv2%2Fcategories&post=22909"},{"taxonomy":"post_tag","embeddable":true,"href":"https:\/\/gobernacionaltaverapaz.gob.gt\/index.php?rest_route=%2Fwp%2Fv2%2Ftags&post=22909"}],"curies":[{"name":"wp","href":"https:\/\/api.w.org\/{rel}","templated":true}]}}