{"id":22920,"date":"2025-07-02T17:43:19","date_gmt":"2025-07-02T23:43:19","guid":{"rendered":"https:\/\/gobernacionaltaverapaz.gob.gt\/?p=22920"},"modified":"2025-09-05T15:04:52","modified_gmt":"2025-09-05T21:04:52","slug":"ampliacion-de-la-ca-14","status":"publish","type":"post","link":"https:\/\/gobernacionaltaverapaz.gob.gt\/?p=22920","title":{"rendered":"Ampliaci\u00f3n de la CA-14"},"content":{"rendered":"<div class=\"x14z9mp xat24cr x1lziwak x1vvkbs xtlvy1s x126k92a\">\n<div dir=\"auto\" style=\"text-align: justify;\">Desde la Gobernaci\u00f3n Departamental de Alta Verapaz el reinicio de este proyecto estrat\u00e9gico que impulsa la conectividad y el desarrollo entre Santa Cruz Verapaz y Cob\u00e1n.<\/div>\n<\/div>\n<div class=\"x14z9mp xat24cr x1lziwak x1vvkbs xtlvy1s x126k92a\">\n<div dir=\"auto\" style=\"text-align: justify;\">Este avance responde al compromiso del Gobierno del presidente Bernardo Ar\u00e9valo con una infraestructura digna, segura y funcional para el bienestar de todas y todos. Seguimos trabajando con transparencia y coordinaci\u00f3n interinstitucional para que el progreso llegue a cada rinc\u00f3n del departamento.<\/div>\n<\/div>\n<p>&nbsp;<\/p>\n<p>&nbsp;<\/p>\n<div><\/div>\n","protected":false},"excerpt":{"rendered":"<p>Desde la Gobernaci\u00f3n Departamental de Alta Verapaz el reinicio de este proyecto estrat\u00e9gico que impulsa la conectividad y el desarrollo entre Santa Cruz Verapaz y Cob\u00e1n. Este avance responde al compromiso del Gobierno del presidente Bernardo Ar\u00e9valo con una infraestructura digna, segura y funcional para el bienestar de todas y todos. Seguimos trabajando con transparencia [&hellip;]<\/p>\n","protected":false},"author":1,"featured_media":22911,"comment_status":"closed","ping_status":"open","sticky":false,"template":"","format":"gallery","meta":[],"categories":[4],"tags":[178],"_links":{"self":[{"href":"https:\/\/gobernacionaltaverapaz.gob.gt\/index.php?rest_route=\/wp\/v2\/posts\/22920"}],"collection":[{"href":"https:\/\/gobernacionaltaverapaz.gob.gt\/index.php?rest_route=\/wp\/v2\/posts"}],"about":[{"href":"https:\/\/gobernacionaltaverapaz.gob.gt\/index.php?rest_route=\/wp\/v2\/types\/post"}],"author":[{"embeddable":true,"href":"https:\/\/gobernacionaltaverapaz.gob.gt\/index.php?rest_route=\/wp\/v2\/users\/1"}],"replies":[{"embeddable":true,"href":"https:\/\/gobernacionaltaverapaz.gob.gt\/index.php?rest_route=%2Fwp%2Fv2%2Fcomments&post=22920"}],"version-history":[{"count":1,"href":"https:\/\/gobernacionaltaverapaz.gob.gt\/index.php?rest_route=\/wp\/v2\/posts\/22920\/revisions"}],"predecessor-version":[{"id":22921,"href":"https:\/\/gobernacionaltaverapaz.gob.gt\/index.php?rest_route=\/wp\/v2\/posts\/22920\/revisions\/22921"}],"wp:featuredmedia":[{"embeddable":true,"href":"https:\/\/gobernacionaltaverapaz.gob.gt\/index.php?rest_route=\/wp\/v2\/media\/22911"}],"wp:attachment":[{"href":"https:\/\/gobernacionaltaverapaz.gob.gt\/index.php?rest_route=%2Fwp%2Fv2%2Fmedia&parent=22920"}],"wp:term":[{"taxonomy":"category","embeddable":true,"href":"https:\/\/gobernacionaltaverapaz.gob.gt\/index.php?rest_route=%2Fwp%2Fv2%2Fcategories&post=22920"},{"taxonomy":"post_tag","embeddable":true,"href":"https:\/\/gobernacionaltaverapaz.gob.gt\/index.php?rest_route=%2Fwp%2Fv2%2Ftags&post=22920"}],"curies":[{"name":"wp","href":"https:\/\/api.w.org\/{rel}","templated":true}]}}