{"id":22929,"date":"2025-07-02T18:05:26","date_gmt":"2025-07-03T00:05:26","guid":{"rendered":"https:\/\/gobernacionaltaverapaz.gob.gt\/?p=22929"},"modified":"2025-09-05T15:13:36","modified_gmt":"2025-09-05T21:13:36","slug":"reunion-extraordinaria-de-codede-2","status":"publish","type":"post","link":"https:\/\/gobernacionaltaverapaz.gob.gt\/?p=22929","title":{"rendered":"Reuni\u00f3n extraordinaria de CODEDE"},"content":{"rendered":"<div class=\"xdj266r x14z9mp xat24cr x1lziwak x1vvkbs x126k92a\">\n<div dir=\"auto\" style=\"text-align: justify;\">Alta Verapaz ya cuenta con propuesta de inversi\u00f3n 2026 aprobada<\/div>\n<\/div>\n<div class=\"x14z9mp xat24cr x1lziwak x1vvkbs xtlvy1s x126k92a\" style=\"text-align: justify;\">\n<div dir=\"auto\">Este d\u00eda 02 de Julio, durante la reuni\u00f3n extraordinaria del Consejo Departamental de Desarrollo \u2013CODEDE\u2013, se aprob\u00f3 la propuesta de inversi\u00f3n 2026, que orientar\u00e1 la ejecuci\u00f3n de obras y proyectos prioritarios para el bienestar de las comunidades.<\/div>\n<\/div>\n<div class=\"x14z9mp xat24cr x1lziwak x1vvkbs xtlvy1s x126k92a\" style=\"text-align: justify;\">\n<div dir=\"auto\">Este avance fue posible gracias al trabajo conjunto entre la Gobernaci\u00f3n Departamental, autoridades municipales, representantes de sociedad civil e instituciones del Ejecutivo, en cumplimiento de los principios de planificaci\u00f3n participativa y transparencia.<\/div>\n<\/div>\n<div class=\"x14z9mp xat24cr x1lziwak x1vvkbs xtlvy1s x126k92a\">\n<div dir=\"auto\" style=\"text-align: justify;\">Reafirmamos nuestro compromiso con una inversi\u00f3n p\u00fablica que responda a las verdaderas necesidades del pueblo y que promueva un desarrollo justo y equitativo en todo el territorio.<\/div>\n<div dir=\"auto\"><\/div>\n<\/div>\n<div class=\"x14z9mp xat24cr x1lziwak x1vvkbs xtlvy1s x126k92a\">\n<div dir=\"auto\"><span class=\"html-span xdj266r x14z9mp xat24cr x1lziwak xexx8yu xyri2b x18d9i69 x1c1uobl x1hl2dhg x16tdsg8 x1vvkbs\"><a class=\"x1i10hfl xjbqb8w x1ejq31n x18oe1m7 x1sy0etr xstzfhl x972fbf x10w94by x1qhh985 x14e42zd x9f619 x1ypdohk xt0psk2 x3ct3a4 xdj266r x14z9mp xat24cr x1lziwak xexx8yu xyri2b x18d9i69 x1c1uobl x16tdsg8 x1hl2dhg xggy1nq x1a2a7pz xkrqix3 x1sur9pj x1fey0fg x1s688f\" tabindex=\"0\" role=\"link\" href=\"https:\/\/www.facebook.com\/hashtag\/altaverapaz?__eep__=6&amp;__cft__[0]=AZUl072xgafhD3AZa-zxFWdOSGaOx74bJ0PcvKvOt-EVSZY5IIqJYOLMiB02Nd4VgnGcGDDiJA2KMt3UYf1tgcL9jTJ3-BsFGTEcJ0SA6hwdefadfrZEnk6YpHg8clSit2Xs4kmgw2QnwS43GllJEGmco5acSgF6ZMCSR5za6ql-oJZpZHTFQfqrkuk43ELCVr8&amp;__tn__=*NK-R\">#AltaVerapaz<\/a><\/span> <span class=\"html-span xdj266r x14z9mp xat24cr x1lziwak xexx8yu xyri2b x18d9i69 x1c1uobl x1hl2dhg x16tdsg8 x1vvkbs\"><a class=\"x1i10hfl xjbqb8w x1ejq31n x18oe1m7 x1sy0etr xstzfhl x972fbf x10w94by x1qhh985 x14e42zd x9f619 x1ypdohk xt0psk2 x3ct3a4 xdj266r x14z9mp xat24cr x1lziwak xexx8yu xyri2b x18d9i69 x1c1uobl x16tdsg8 x1hl2dhg xggy1nq x1a2a7pz xkrqix3 x1sur9pj x1fey0fg x1s688f\" tabindex=\"0\" role=\"link\" href=\"https:\/\/www.facebook.com\/hashtag\/gdav25?__eep__=6&amp;__cft__[0]=AZUl072xgafhD3AZa-zxFWdOSGaOx74bJ0PcvKvOt-EVSZY5IIqJYOLMiB02Nd4VgnGcGDDiJA2KMt3UYf1tgcL9jTJ3-BsFGTEcJ0SA6hwdefadfrZEnk6YpHg8clSit2Xs4kmgw2QnwS43GllJEGmco5acSgF6ZMCSR5za6ql-oJZpZHTFQfqrkuk43ELCVr8&amp;__tn__=*NK-R\">#gda<\/a><\/span><\/div>\n<\/div>\n<p>&nbsp;<\/p>\n<p>&nbsp;<\/p>\n<div><\/div>\n","protected":false},"excerpt":{"rendered":"<p>Alta Verapaz ya cuenta con propuesta de inversi\u00f3n 2026 aprobada Este d\u00eda 02 de Julio, durante la reuni\u00f3n extraordinaria del Consejo Departamental de Desarrollo \u2013CODEDE\u2013, se aprob\u00f3 la propuesta de inversi\u00f3n 2026, que orientar\u00e1 la ejecuci\u00f3n de obras y proyectos prioritarios para el bienestar de las comunidades. Este avance fue posible gracias al trabajo conjunto [&hellip;]<\/p>\n","protected":false},"author":1,"featured_media":22922,"comment_status":"closed","ping_status":"open","sticky":false,"template":"","format":"gallery","meta":[],"categories":[194],"tags":[178],"_links":{"self":[{"href":"https:\/\/gobernacionaltaverapaz.gob.gt\/index.php?rest_route=\/wp\/v2\/posts\/22929"}],"collection":[{"href":"https:\/\/gobernacionaltaverapaz.gob.gt\/index.php?rest_route=\/wp\/v2\/posts"}],"about":[{"href":"https:\/\/gobernacionaltaverapaz.gob.gt\/index.php?rest_route=\/wp\/v2\/types\/post"}],"author":[{"embeddable":true,"href":"https:\/\/gobernacionaltaverapaz.gob.gt\/index.php?rest_route=\/wp\/v2\/users\/1"}],"replies":[{"embeddable":true,"href":"https:\/\/gobernacionaltaverapaz.gob.gt\/index.php?rest_route=%2Fwp%2Fv2%2Fcomments&post=22929"}],"version-history":[{"count":1,"href":"https:\/\/gobernacionaltaverapaz.gob.gt\/index.php?rest_route=\/wp\/v2\/posts\/22929\/revisions"}],"predecessor-version":[{"id":22930,"href":"https:\/\/gobernacionaltaverapaz.gob.gt\/index.php?rest_route=\/wp\/v2\/posts\/22929\/revisions\/22930"}],"wp:featuredmedia":[{"embeddable":true,"href":"https:\/\/gobernacionaltaverapaz.gob.gt\/index.php?rest_route=\/wp\/v2\/media\/22922"}],"wp:attachment":[{"href":"https:\/\/gobernacionaltaverapaz.gob.gt\/index.php?rest_route=%2Fwp%2Fv2%2Fmedia&parent=22929"}],"wp:term":[{"taxonomy":"category","embeddable":true,"href":"https:\/\/gobernacionaltaverapaz.gob.gt\/index.php?rest_route=%2Fwp%2Fv2%2Fcategories&post=22929"},{"taxonomy":"post_tag","embeddable":true,"href":"https:\/\/gobernacionaltaverapaz.gob.gt\/index.php?rest_route=%2Fwp%2Fv2%2Ftags&post=22929"}],"curies":[{"name":"wp","href":"https:\/\/api.w.org\/{rel}","templated":true}]}}