{"id":22931,"date":"2025-07-03T18:05:38","date_gmt":"2025-07-04T00:05:38","guid":{"rendered":"https:\/\/gobernacionaltaverapaz.gob.gt\/?p=22931"},"modified":"2025-09-05T15:23:46","modified_gmt":"2025-09-05T21:23:46","slug":"habilitacion-del-servicio-electrico","status":"publish","type":"post","link":"https:\/\/gobernacionaltaverapaz.gob.gt\/?p=22931","title":{"rendered":"Habilitaci\u00f3n del servicio el\u00e9ctrico"},"content":{"rendered":"<div class=\"xdj266r x14z9mp xat24cr x1lziwak x1vvkbs x126k92a\">\n<div dir=\"auto\" style=\"text-align: justify;\">La habilitaci\u00f3n del servicio el\u00e9ctrico transforma la vida de las comunidades: fortalece la educaci\u00f3n, mejora la salud, impulsa el desarrollo local y fortalece la seguridad.<\/div>\n<\/div>\n<div class=\"x14z9mp xat24cr x1lziwak x1vvkbs xtlvy1s x126k92a\">\n<div dir=\"auto\" style=\"text-align: justify;\">Porque el pueblo digno es primero, seguimos trabajando por un pa\u00eds con m\u00e1s oportunidades, m\u00e1s igualdad y m\u00e1s luz para todos.<\/div>\n<\/div>\n<p>&nbsp;<\/p>\n<p>&nbsp;<\/p>\n<p><a href=\"https:\/\/www.facebook.com\/GobernacionAV\/videos\/1098820678960747\/?__cft__[0]=AZXXosSETiA0gX0FNN7Zz3OnSO8uV1c8Pzm6nMipY2bzRhnyfWufwJEijFy8YRwo9dhrBYkJJJLvlKZ5l9-qtBJNBr34NBLt4tP6hSspb9JQjuXEPDzVRIepN7TpfV4KQZs9odXM708Xw4MagsybUDpd4cgxl0a5L2W-uDtqkfmLkxE4Uuf2n38GBhtxreUrYVpaHm0o3coybP1RGo89VYtz&amp;__tn__=%2CO%2CP-R\"><img decoding=\"async\" loading=\"lazy\" class=\"alignnone wp-image-22932 size-full\" title=\"Ver video en Facebook\" src=\"https:\/\/gobernacionaltaverapaz.gob.gt\/wp-content\/uploads\/2025\/09\/0.gif\" alt=\"\" width=\"900\" height=\"600\" \/><\/a><\/p>\n","protected":false},"excerpt":{"rendered":"<p>La habilitaci\u00f3n del servicio el\u00e9ctrico transforma la vida de las comunidades: fortalece la educaci\u00f3n, mejora la salud, impulsa el desarrollo local y fortalece la seguridad. Porque el pueblo digno es primero, seguimos trabajando por un pa\u00eds con m\u00e1s oportunidades, m\u00e1s igualdad y m\u00e1s luz para todos. &nbsp; &nbsp;<\/p>\n","protected":false},"author":1,"featured_media":22933,"comment_status":"closed","ping_status":"open","sticky":false,"template":"","format":"video","meta":[],"categories":[201],"tags":[178],"_links":{"self":[{"href":"https:\/\/gobernacionaltaverapaz.gob.gt\/index.php?rest_route=\/wp\/v2\/posts\/22931"}],"collection":[{"href":"https:\/\/gobernacionaltaverapaz.gob.gt\/index.php?rest_route=\/wp\/v2\/posts"}],"about":[{"href":"https:\/\/gobernacionaltaverapaz.gob.gt\/index.php?rest_route=\/wp\/v2\/types\/post"}],"author":[{"embeddable":true,"href":"https:\/\/gobernacionaltaverapaz.gob.gt\/index.php?rest_route=\/wp\/v2\/users\/1"}],"replies":[{"embeddable":true,"href":"https:\/\/gobernacionaltaverapaz.gob.gt\/index.php?rest_route=%2Fwp%2Fv2%2Fcomments&post=22931"}],"version-history":[{"count":2,"href":"https:\/\/gobernacionaltaverapaz.gob.gt\/index.php?rest_route=\/wp\/v2\/posts\/22931\/revisions"}],"predecessor-version":[{"id":22935,"href":"https:\/\/gobernacionaltaverapaz.gob.gt\/index.php?rest_route=\/wp\/v2\/posts\/22931\/revisions\/22935"}],"wp:featuredmedia":[{"embeddable":true,"href":"https:\/\/gobernacionaltaverapaz.gob.gt\/index.php?rest_route=\/wp\/v2\/media\/22933"}],"wp:attachment":[{"href":"https:\/\/gobernacionaltaverapaz.gob.gt\/index.php?rest_route=%2Fwp%2Fv2%2Fmedia&parent=22931"}],"wp:term":[{"taxonomy":"category","embeddable":true,"href":"https:\/\/gobernacionaltaverapaz.gob.gt\/index.php?rest_route=%2Fwp%2Fv2%2Fcategories&post=22931"},{"taxonomy":"post_tag","embeddable":true,"href":"https:\/\/gobernacionaltaverapaz.gob.gt\/index.php?rest_route=%2Fwp%2Fv2%2Ftags&post=22931"}],"curies":[{"name":"wp","href":"https:\/\/api.w.org\/{rel}","templated":true}]}}