{"id":22963,"date":"2025-07-08T15:59:03","date_gmt":"2025-07-08T21:59:03","guid":{"rendered":"https:\/\/gobernacionaltaverapaz.gob.gt\/?p=22963"},"modified":"2025-09-06T17:03:38","modified_gmt":"2025-09-06T23:03:38","slug":"alta-verapaz-avanza-hacia-la-paz-y-el-dialogo","status":"publish","type":"post","link":"https:\/\/gobernacionaltaverapaz.gob.gt\/?p=22963","title":{"rendered":"Alta Verapaz avanza hacia la paz y el di\u00e1logo"},"content":{"rendered":"<div class=\"x14z9mp xat24cr x1lziwak x1vvkbs xtlvy1s x126k92a\">\n<div dir=\"auto\" style=\"text-align: justify;\">Hoy 08 de Julio reabrimos la Unidad de Transformaci\u00f3n y Atenci\u00f3n a la Conflictividad, un espacio clave que fortalece la gobernanza territorial desde la Gobernaci\u00f3n Departamental de Alta Verapaz, en articulaci\u00f3n con la Comisi\u00f3n Departamental para la Atenci\u00f3n de la Conflictividad (CEDAC).<\/div>\n<\/div>\n<div class=\"x14z9mp xat24cr x1lziwak x1vvkbs xtlvy1s x126k92a\" style=\"text-align: justify;\">\n<div dir=\"auto\">Este esfuerzo fue posible gracias al apoyo de Mercy Corps y del proyecto Juventud Activa por la Paz, que han reacondicionado el espacio, dotado mobiliario y fortalecido las capacidades del equipo en temas como MARCs, cultura de paz y protocolos de atenci\u00f3n.<\/div>\n<\/div>\n<div class=\"x14z9mp xat24cr x1lziwak x1vvkbs xtlvy1s x126k92a\">\n<div dir=\"auto\" style=\"text-align: justify;\">Reafirmamos nuestro compromiso con el di\u00e1logo, la mediaci\u00f3n y la acci\u00f3n interinstitucional, como v\u00edas para atender la conflictividad agraria, social y ambiental del territorio.<\/div>\n<div dir=\"auto\"><\/div>\n<\/div>\n<div class=\"x14z9mp xat24cr x1lziwak x1vvkbs xtlvy1s x126k92a\">\n<div dir=\"auto\">El Pueblo Digno es primero<\/div>\n<\/div>\n<p>&nbsp;<\/p>\n<p>&nbsp;<\/p>\n<div><\/div>\n","protected":false},"excerpt":{"rendered":"<p>Hoy 08 de Julio reabrimos la Unidad de Transformaci\u00f3n y Atenci\u00f3n a la Conflictividad, un espacio clave que fortalece la gobernanza territorial desde la Gobernaci\u00f3n Departamental de Alta Verapaz, en articulaci\u00f3n con la Comisi\u00f3n Departamental para la Atenci\u00f3n de la Conflictividad (CEDAC). Este esfuerzo fue posible gracias al apoyo de Mercy Corps y del proyecto [&hellip;]<\/p>\n","protected":false},"author":1,"featured_media":22955,"comment_status":"closed","ping_status":"open","sticky":false,"template":"","format":"gallery","meta":[],"categories":[183],"tags":[178],"_links":{"self":[{"href":"https:\/\/gobernacionaltaverapaz.gob.gt\/index.php?rest_route=\/wp\/v2\/posts\/22963"}],"collection":[{"href":"https:\/\/gobernacionaltaverapaz.gob.gt\/index.php?rest_route=\/wp\/v2\/posts"}],"about":[{"href":"https:\/\/gobernacionaltaverapaz.gob.gt\/index.php?rest_route=\/wp\/v2\/types\/post"}],"author":[{"embeddable":true,"href":"https:\/\/gobernacionaltaverapaz.gob.gt\/index.php?rest_route=\/wp\/v2\/users\/1"}],"replies":[{"embeddable":true,"href":"https:\/\/gobernacionaltaverapaz.gob.gt\/index.php?rest_route=%2Fwp%2Fv2%2Fcomments&post=22963"}],"version-history":[{"count":2,"href":"https:\/\/gobernacionaltaverapaz.gob.gt\/index.php?rest_route=\/wp\/v2\/posts\/22963\/revisions"}],"predecessor-version":[{"id":22965,"href":"https:\/\/gobernacionaltaverapaz.gob.gt\/index.php?rest_route=\/wp\/v2\/posts\/22963\/revisions\/22965"}],"wp:featuredmedia":[{"embeddable":true,"href":"https:\/\/gobernacionaltaverapaz.gob.gt\/index.php?rest_route=\/wp\/v2\/media\/22955"}],"wp:attachment":[{"href":"https:\/\/gobernacionaltaverapaz.gob.gt\/index.php?rest_route=%2Fwp%2Fv2%2Fmedia&parent=22963"}],"wp:term":[{"taxonomy":"category","embeddable":true,"href":"https:\/\/gobernacionaltaverapaz.gob.gt\/index.php?rest_route=%2Fwp%2Fv2%2Fcategories&post=22963"},{"taxonomy":"post_tag","embeddable":true,"href":"https:\/\/gobernacionaltaverapaz.gob.gt\/index.php?rest_route=%2Fwp%2Fv2%2Ftags&post=22963"}],"curies":[{"name":"wp","href":"https:\/\/api.w.org\/{rel}","templated":true}]}}