{"id":22977,"date":"2025-07-11T16:23:35","date_gmt":"2025-07-11T22:23:35","guid":{"rendered":"https:\/\/gobernacionaltaverapaz.gob.gt\/?p=22977"},"modified":"2025-09-06T17:24:25","modified_gmt":"2025-09-06T23:24:25","slug":"ri-mam-ajaw-visita-la-gobernacion-departamental","status":"publish","type":"post","link":"https:\/\/gobernacionaltaverapaz.gob.gt\/?p=22977","title":{"rendered":"\u201cRi\u2019 Mam Ajaw\u201d visita la Gobernaci\u00f3n Departamental"},"content":{"rendered":"<div class=\"x14z9mp xat24cr x1lziwak x1vvkbs xtlvy1s x126k92a\">\n<div dir=\"auto\" style=\"text-align: justify;\">Con emoci\u00f3n y orgullo recibimos esta ma\u00f1ana a un grupo de ni\u00f1as de la Escuela de P\u00e1rvulos Gustavo Adolfo Leal Klug, del barrio Magdalena, Cob\u00e1n. Las peque\u00f1as, de entre 4 y 6 a\u00f1os, llegaron acompa\u00f1adas de sus docentes para conocer el Palacio de Gobernaci\u00f3n y compartir un momento de alegr\u00eda e identidad.<\/div>\n<\/div>\n<div class=\"x14z9mp xat24cr x1lziwak x1vvkbs xtlvy1s x126k92a\" style=\"text-align: justify;\">\n<div dir=\"auto\">La visita estuvo encabezada por \u201cRi\u2019 Mam Ajaw\u201d, figura que representa la cultura, el respeto y el empoderamiento desde la ni\u00f1ez. Su presencia en este espacio institucional fortalece el v\u00ednculo entre nuestras tradiciones y las nuevas generaciones.<\/div>\n<\/div>\n<div class=\"x14z9mp xat24cr x1lziwak x1vvkbs xtlvy1s x126k92a\">\n<div dir=\"auto\" style=\"text-align: justify;\">Desde la Gobernaci\u00f3n Departamental de Alta Verapaz reafirmamos nuestro compromiso con una educaci\u00f3n con pertinencia cultural y con la construcci\u00f3n de una Guatemala m\u00e1s digna, desde la infancia.<\/div>\n<\/div>\n<p>&nbsp;<\/p>\n<p>&nbsp;<\/p>\n<div><\/div>\n","protected":false},"excerpt":{"rendered":"<p>Con emoci\u00f3n y orgullo recibimos esta ma\u00f1ana a un grupo de ni\u00f1as de la Escuela de P\u00e1rvulos Gustavo Adolfo Leal Klug, del barrio Magdalena, Cob\u00e1n. Las peque\u00f1as, de entre 4 y 6 a\u00f1os, llegaron acompa\u00f1adas de sus docentes para conocer el Palacio de Gobernaci\u00f3n y compartir un momento de alegr\u00eda e identidad. La visita estuvo [&hellip;]<\/p>\n","protected":false},"author":1,"featured_media":22973,"comment_status":"closed","ping_status":"open","sticky":false,"template":"","format":"gallery","meta":[],"categories":[183],"tags":[178],"_links":{"self":[{"href":"https:\/\/gobernacionaltaverapaz.gob.gt\/index.php?rest_route=\/wp\/v2\/posts\/22977"}],"collection":[{"href":"https:\/\/gobernacionaltaverapaz.gob.gt\/index.php?rest_route=\/wp\/v2\/posts"}],"about":[{"href":"https:\/\/gobernacionaltaverapaz.gob.gt\/index.php?rest_route=\/wp\/v2\/types\/post"}],"author":[{"embeddable":true,"href":"https:\/\/gobernacionaltaverapaz.gob.gt\/index.php?rest_route=\/wp\/v2\/users\/1"}],"replies":[{"embeddable":true,"href":"https:\/\/gobernacionaltaverapaz.gob.gt\/index.php?rest_route=%2Fwp%2Fv2%2Fcomments&post=22977"}],"version-history":[{"count":1,"href":"https:\/\/gobernacionaltaverapaz.gob.gt\/index.php?rest_route=\/wp\/v2\/posts\/22977\/revisions"}],"predecessor-version":[{"id":22978,"href":"https:\/\/gobernacionaltaverapaz.gob.gt\/index.php?rest_route=\/wp\/v2\/posts\/22977\/revisions\/22978"}],"wp:featuredmedia":[{"embeddable":true,"href":"https:\/\/gobernacionaltaverapaz.gob.gt\/index.php?rest_route=\/wp\/v2\/media\/22973"}],"wp:attachment":[{"href":"https:\/\/gobernacionaltaverapaz.gob.gt\/index.php?rest_route=%2Fwp%2Fv2%2Fmedia&parent=22977"}],"wp:term":[{"taxonomy":"category","embeddable":true,"href":"https:\/\/gobernacionaltaverapaz.gob.gt\/index.php?rest_route=%2Fwp%2Fv2%2Fcategories&post=22977"},{"taxonomy":"post_tag","embeddable":true,"href":"https:\/\/gobernacionaltaverapaz.gob.gt\/index.php?rest_route=%2Fwp%2Fv2%2Ftags&post=22977"}],"curies":[{"name":"wp","href":"https:\/\/api.w.org\/{rel}","templated":true}]}}