{"id":23007,"date":"2025-07-13T20:43:02","date_gmt":"2025-07-14T02:43:02","guid":{"rendered":"https:\/\/gobernacionaltaverapaz.gob.gt\/?p=23007"},"modified":"2025-09-06T22:52:28","modified_gmt":"2025-09-07T04:52:28","slug":"inauguracion-oficial-de-la-especialidad-polimerc-en-el-metamercado-talpetate","status":"publish","type":"post","link":"https:\/\/gobernacionaltaverapaz.gob.gt\/?p=23007","title":{"rendered":"Inauguraci\u00f3n oficial de la especialidad POLIMERC en el Metamercado Talpetate"},"content":{"rendered":"<div class=\"xdj266r x14z9mp xat24cr x1lziwak x1vvkbs x126k92a\">\n<div dir=\"auto\" style=\"text-align: justify;\">Hoy, domingo 13 de julio, se llev\u00f3 a cabo la inauguraci\u00f3n oficial de la especialidad POLIMERC en el Metamercado Talpetate, el mercado m\u00e1s grande de nuestro departamento y donde tambi\u00e9n se localiza la Terminal de Buses del Norte. Este importante acto cont\u00f3 con la participaci\u00f3n de mandos regionales y departamentales de la Polic\u00eda Nacional Civil, as\u00ed como del se\u00f1or Alcalde de Cob\u00e1n Lic. Felipe Pop quien se ha comprometido a apoyar esta iniciativa en el municipio.<\/div>\n<\/div>\n<div class=\"x14z9mp xat24cr x1lziwak x1vvkbs xtlvy1s x126k92a\" style=\"text-align: justify;\">\n<div dir=\"auto\">Tambi\u00e9n estuvieron presentes las representantes de los diferentes bloques del metamercado quienes dieron la bienvenida a los agentes de la POLIMERC.<\/div>\n<\/div>\n<div class=\"x14z9mp xat24cr x1lziwak x1vvkbs xtlvy1s x126k92a\" style=\"text-align: justify;\">\n<div dir=\"auto\">La presencia de POLIMERC \u2014especialidad policial enfocada en mercados y centros de alto flujo\u2014 representa un paso firme en la recuperaci\u00f3n de espacios seguros para comerciantes, familias y visitantes.<\/div>\n<\/div>\n<div class=\"x14z9mp xat24cr x1lziwak x1vvkbs xtlvy1s x126k92a\" style=\"text-align: justify;\">\n<div dir=\"auto\">Su funci\u00f3n ser\u00e1 fortalecer la vigilancia, prevenir hechos delictivos y brindar una atenci\u00f3n cercana y confiable a la ciudadan\u00eda.<\/div>\n<\/div>\n<div class=\"x14z9mp xat24cr x1lziwak x1vvkbs xtlvy1s x126k92a\" style=\"text-align: justify;\">\n<div dir=\"auto\"><span class=\"html-span xexx8yu xyri2b x18d9i69 x1c1uobl x1hl2dhg x16tdsg8 x1vvkbs x3nfvp2 x1j61x8r x1fcty0u xdj266r xat24cr xm2jcoa x1mpyi22 xxymvpz xlup9mm x1kky2od\"><img decoding=\"async\" loading=\"lazy\" class=\"xz74otr x15mokao x1ga7v0g x16uus16 xbiv7yw\" src=\"https:\/\/static.xx.fbcdn.net\/images\/emoji.php\/v9\/tf3\/1\/16\/1f539.png\" alt=\"\ud83d\udd39\" width=\"16\" height=\"16\" \/><\/span> La PNC est\u00e1 m\u00e1s cerca de la comunidad.<\/div>\n<div dir=\"auto\"><span class=\"html-span xexx8yu xyri2b x18d9i69 x1c1uobl x1hl2dhg x16tdsg8 x1vvkbs x3nfvp2 x1j61x8r x1fcty0u xdj266r xat24cr xm2jcoa x1mpyi22 xxymvpz xlup9mm x1kky2od\"><img decoding=\"async\" loading=\"lazy\" class=\"xz74otr x15mokao x1ga7v0g x16uus16 xbiv7yw\" src=\"https:\/\/static.xx.fbcdn.net\/images\/emoji.php\/v9\/tf3\/1\/16\/1f539.png\" alt=\"\ud83d\udd39\" width=\"16\" height=\"16\" \/><\/span> La denuncia oportuna y efectiva es clave para combatir la delincuencia.<\/div>\n<div dir=\"auto\"><span class=\"html-span xexx8yu xyri2b x18d9i69 x1c1uobl x1hl2dhg x16tdsg8 x1vvkbs x3nfvp2 x1j61x8r x1fcty0u xdj266r xat24cr xm2jcoa x1mpyi22 xxymvpz xlup9mm x1kky2od\"><img decoding=\"async\" loading=\"lazy\" class=\"xz74otr x15mokao x1ga7v0g x16uus16 xbiv7yw\" src=\"https:\/\/static.xx.fbcdn.net\/images\/emoji.php\/v9\/tf3\/1\/16\/1f539.png\" alt=\"\ud83d\udd39\" width=\"16\" height=\"16\" \/><\/span> Confiar en nuestras instituciones es el primer paso hacia una Alta Verapaz m\u00e1s segura.<\/div>\n<\/div>\n<div class=\"x14z9mp xat24cr x1lziwak x1vvkbs xtlvy1s x126k92a\">\n<div dir=\"auto\" style=\"text-align: justify;\">Desde la Gobernaci\u00f3n Departamental celebramos esta acci\u00f3n concreta como parte de una estrategia integral de seguridad ciudadana impulsada junto al Ministerio de Gobernaci\u00f3n y con el apoyo incondicional del Director General de la Polic\u00eda Nacional Civil David Custodio Boteo quien siempre ha mostrado su apertura con la gobernadora de Alta Verapaz y que en coordinaci\u00f3n tienen el firme compromiso de seguir construyendo confianza entre la poblaci\u00f3n y nuestras fuerzas de seguridad.<\/div>\n<\/div>\n<p>&nbsp;<\/p>\n<p>&nbsp;<\/p>\n<div><\/div>\n","protected":false},"excerpt":{"rendered":"<p>Hoy, domingo 13 de julio, se llev\u00f3 a cabo la inauguraci\u00f3n oficial de la especialidad POLIMERC en el Metamercado Talpetate, el mercado m\u00e1s grande de nuestro departamento y donde tambi\u00e9n se localiza la Terminal de Buses del Norte. Este importante acto cont\u00f3 con la participaci\u00f3n de mandos regionales y departamentales de la Polic\u00eda Nacional Civil, [&hellip;]<\/p>\n","protected":false},"author":1,"featured_media":22994,"comment_status":"closed","ping_status":"open","sticky":false,"template":"","format":"gallery","meta":[],"categories":[183],"tags":[178],"_links":{"self":[{"href":"https:\/\/gobernacionaltaverapaz.gob.gt\/index.php?rest_route=\/wp\/v2\/posts\/23007"}],"collection":[{"href":"https:\/\/gobernacionaltaverapaz.gob.gt\/index.php?rest_route=\/wp\/v2\/posts"}],"about":[{"href":"https:\/\/gobernacionaltaverapaz.gob.gt\/index.php?rest_route=\/wp\/v2\/types\/post"}],"author":[{"embeddable":true,"href":"https:\/\/gobernacionaltaverapaz.gob.gt\/index.php?rest_route=\/wp\/v2\/users\/1"}],"replies":[{"embeddable":true,"href":"https:\/\/gobernacionaltaverapaz.gob.gt\/index.php?rest_route=%2Fwp%2Fv2%2Fcomments&post=23007"}],"version-history":[{"count":1,"href":"https:\/\/gobernacionaltaverapaz.gob.gt\/index.php?rest_route=\/wp\/v2\/posts\/23007\/revisions"}],"predecessor-version":[{"id":23008,"href":"https:\/\/gobernacionaltaverapaz.gob.gt\/index.php?rest_route=\/wp\/v2\/posts\/23007\/revisions\/23008"}],"wp:featuredmedia":[{"embeddable":true,"href":"https:\/\/gobernacionaltaverapaz.gob.gt\/index.php?rest_route=\/wp\/v2\/media\/22994"}],"wp:attachment":[{"href":"https:\/\/gobernacionaltaverapaz.gob.gt\/index.php?rest_route=%2Fwp%2Fv2%2Fmedia&parent=23007"}],"wp:term":[{"taxonomy":"category","embeddable":true,"href":"https:\/\/gobernacionaltaverapaz.gob.gt\/index.php?rest_route=%2Fwp%2Fv2%2Fcategories&post=23007"},{"taxonomy":"post_tag","embeddable":true,"href":"https:\/\/gobernacionaltaverapaz.gob.gt\/index.php?rest_route=%2Fwp%2Fv2%2Ftags&post=23007"}],"curies":[{"name":"wp","href":"https:\/\/api.w.org\/{rel}","templated":true}]}}