{"id":23013,"date":"2025-07-16T14:50:55","date_gmt":"2025-07-16T20:50:55","guid":{"rendered":"https:\/\/gobernacionaltaverapaz.gob.gt\/?p=23013"},"modified":"2025-09-06T22:58:46","modified_gmt":"2025-09-07T04:58:46","slug":"inap-presento-la-ampliacion-del-programa-de-certificacion-estrategica-para-la-excelencia-de-los-codede","status":"publish","type":"post","link":"https:\/\/gobernacionaltaverapaz.gob.gt\/?p=23013","title":{"rendered":"INAP present\u00f3 la ampliaci\u00f3n del programa de Certificaci\u00f3n Estrat\u00e9gica para la Excelencia de los CODEDE"},"content":{"rendered":"<div class=\"xdj266r x14z9mp xat24cr x1lziwak x1vvkbs x126k92a\">\n<div dir=\"auto\" style=\"text-align: justify;\">El Instituto Nacional de Administraci\u00f3n P\u00fablica \u2013INAP\u2013 present\u00f3 a trav\u00e9s de una conferencia de prensa la ampliaci\u00f3n del programa de Certificaci\u00f3n Estrat\u00e9gica para la Excelencia de los CODEDE a los miembros de las Organizaciones No Gubernamentales (Sociedad Civil organizada) con representaci\u00f3n en el Sistema de Consejos de Desarrollo (SISCODE)<\/div>\n<\/div>\n<div class=\"x14z9mp xat24cr x1lziwak x1vvkbs xtlvy1s x126k92a\" style=\"text-align: justify;\">\n<div dir=\"auto\">Esta innovadora propuesta que busca mejorar la gesti\u00f3n de la inversi\u00f3n p\u00fablica desde los Consejos Departamentales de Desarrollo es impulsada junto a la Secretar\u00eda de Coordinaci\u00f3n Ejecutiva de la Presidencia \u2013SCEP\u2013, introduce nuevas fases formativas y estrat\u00e9gicas para:<\/div>\n<\/div>\n<div class=\"x14z9mp xat24cr x1lziwak x1vvkbs xtlvy1s x126k92a\" style=\"text-align: justify;\">\n<div dir=\"auto\"><span class=\"html-span xexx8yu xyri2b x18d9i69 x1c1uobl x1hl2dhg x16tdsg8 x1vvkbs x3nfvp2 x1j61x8r x1fcty0u xdj266r xat24cr xm2jcoa x1mpyi22 xxymvpz xlup9mm x1kky2od\"><img decoding=\"async\" loading=\"lazy\" class=\"xz74otr x15mokao x1ga7v0g x16uus16 xbiv7yw\" src=\"https:\/\/static.xx.fbcdn.net\/images\/emoji.php\/v9\/t33\/1\/16\/2705.png\" alt=\"\u2705\" width=\"16\" height=\"16\" \/><\/span> Fortalecer las capacidades t\u00e9cnicas de las Direcciones Municipales de Planificaci\u00f3n \u2013DMP\u2013<\/div>\n<\/div>\n<div class=\"x14z9mp xat24cr x1lziwak x1vvkbs xtlvy1s x126k92a\" style=\"text-align: justify;\">\n<div dir=\"auto\"><span class=\"html-span xexx8yu xyri2b x18d9i69 x1c1uobl x1hl2dhg x16tdsg8 x1vvkbs x3nfvp2 x1j61x8r x1fcty0u xdj266r xat24cr xm2jcoa x1mpyi22 xxymvpz xlup9mm x1kky2od\"><img decoding=\"async\" loading=\"lazy\" class=\"xz74otr x15mokao x1ga7v0g x16uus16 xbiv7yw\" src=\"https:\/\/static.xx.fbcdn.net\/images\/emoji.php\/v9\/t33\/1\/16\/2705.png\" alt=\"\u2705\" width=\"16\" height=\"16\" \/><\/span> Reducir la carga de tr\u00e1mites para proyectos<\/div>\n<\/div>\n<div class=\"x14z9mp xat24cr x1lziwak x1vvkbs xtlvy1s x126k92a\" style=\"text-align: justify;\">\n<div dir=\"auto\"><span class=\"html-span xexx8yu xyri2b x18d9i69 x1c1uobl x1hl2dhg x16tdsg8 x1vvkbs x3nfvp2 x1j61x8r x1fcty0u xdj266r xat24cr xm2jcoa x1mpyi22 xxymvpz xlup9mm x1kky2od\"><img decoding=\"async\" loading=\"lazy\" class=\"xz74otr x15mokao x1ga7v0g x16uus16 xbiv7yw\" src=\"https:\/\/static.xx.fbcdn.net\/images\/emoji.php\/v9\/t33\/1\/16\/2705.png\" alt=\"\u2705\" width=\"16\" height=\"16\" \/><\/span> Alinear los esfuerzos municipales con los criterios del Sistema Nacional de Inversi\u00f3n P\u00fablica<\/div>\n<\/div>\n<div class=\"x14z9mp xat24cr x1lziwak x1vvkbs xtlvy1s x126k92a\" style=\"text-align: justify;\">\n<div dir=\"auto\"><span class=\"html-span xexx8yu xyri2b x18d9i69 x1c1uobl x1hl2dhg x16tdsg8 x1vvkbs x3nfvp2 x1j61x8r x1fcty0u xdj266r xat24cr xm2jcoa x1mpyi22 xxymvpz xlup9mm x1kky2od\"><img decoding=\"async\" loading=\"lazy\" class=\"xz74otr x15mokao x1ga7v0g x16uus16 xbiv7yw\" src=\"https:\/\/static.xx.fbcdn.net\/images\/emoji.php\/v9\/t33\/1\/16\/2705.png\" alt=\"\u2705\" width=\"16\" height=\"16\" \/><\/span> Reconocer el m\u00e9rito y desempe\u00f1o institucional<\/div>\n<\/div>\n<div class=\"x14z9mp xat24cr x1lziwak x1vvkbs xtlvy1s x126k92a\" style=\"text-align: justify;\">\n<div dir=\"auto\">El programa consta de 5 fases que incluyen: planificaci\u00f3n estrat\u00e9gica, diagn\u00f3stico, capacitaci\u00f3n, implementaci\u00f3n de criterios y una hoja de ruta para la expansi\u00f3n nacional.<\/div>\n<\/div>\n<div class=\"x14z9mp xat24cr x1lziwak x1vvkbs xtlvy1s x126k92a\">\n<div dir=\"auto\" style=\"text-align: justify;\"><\/div>\n<div dir=\"auto\" style=\"text-align: justify;\">Desde la Gobernaci\u00f3n Departamental de Alta Verapaz, celebramos esta propuesta como un paso clave para dignificar el servicio p\u00fablico, profesionalizar la gesti\u00f3n de proyectos y acercar el Estado a las comunidades y a toda la ciudadan\u00eda.<\/div>\n<\/div>\n<p>&nbsp;<\/p>\n<div><\/div>\n","protected":false},"excerpt":{"rendered":"<p>El Instituto Nacional de Administraci\u00f3n P\u00fablica \u2013INAP\u2013 present\u00f3 a trav\u00e9s de una conferencia de prensa la ampliaci\u00f3n del programa de Certificaci\u00f3n Estrat\u00e9gica para la Excelencia de los CODEDE a los miembros de las Organizaciones No Gubernamentales (Sociedad Civil organizada) con representaci\u00f3n en el Sistema de Consejos de Desarrollo (SISCODE) Esta innovadora propuesta que busca mejorar [&hellip;]<\/p>\n","protected":false},"author":1,"featured_media":23009,"comment_status":"closed","ping_status":"open","sticky":false,"template":"","format":"gallery","meta":[],"categories":[183],"tags":[178],"_links":{"self":[{"href":"https:\/\/gobernacionaltaverapaz.gob.gt\/index.php?rest_route=\/wp\/v2\/posts\/23013"}],"collection":[{"href":"https:\/\/gobernacionaltaverapaz.gob.gt\/index.php?rest_route=\/wp\/v2\/posts"}],"about":[{"href":"https:\/\/gobernacionaltaverapaz.gob.gt\/index.php?rest_route=\/wp\/v2\/types\/post"}],"author":[{"embeddable":true,"href":"https:\/\/gobernacionaltaverapaz.gob.gt\/index.php?rest_route=\/wp\/v2\/users\/1"}],"replies":[{"embeddable":true,"href":"https:\/\/gobernacionaltaverapaz.gob.gt\/index.php?rest_route=%2Fwp%2Fv2%2Fcomments&post=23013"}],"version-history":[{"count":1,"href":"https:\/\/gobernacionaltaverapaz.gob.gt\/index.php?rest_route=\/wp\/v2\/posts\/23013\/revisions"}],"predecessor-version":[{"id":23014,"href":"https:\/\/gobernacionaltaverapaz.gob.gt\/index.php?rest_route=\/wp\/v2\/posts\/23013\/revisions\/23014"}],"wp:featuredmedia":[{"embeddable":true,"href":"https:\/\/gobernacionaltaverapaz.gob.gt\/index.php?rest_route=\/wp\/v2\/media\/23009"}],"wp:attachment":[{"href":"https:\/\/gobernacionaltaverapaz.gob.gt\/index.php?rest_route=%2Fwp%2Fv2%2Fmedia&parent=23013"}],"wp:term":[{"taxonomy":"category","embeddable":true,"href":"https:\/\/gobernacionaltaverapaz.gob.gt\/index.php?rest_route=%2Fwp%2Fv2%2Fcategories&post=23013"},{"taxonomy":"post_tag","embeddable":true,"href":"https:\/\/gobernacionaltaverapaz.gob.gt\/index.php?rest_route=%2Fwp%2Fv2%2Ftags&post=23013"}],"curies":[{"name":"wp","href":"https:\/\/api.w.org\/{rel}","templated":true}]}}