{"id":23046,"date":"2025-08-23T15:31:24","date_gmt":"2025-08-23T21:31:24","guid":{"rendered":"https:\/\/gobernacionaltaverapaz.gob.gt\/?p=23046"},"modified":"2025-11-06T23:37:10","modified_gmt":"2025-11-07T05:37:10","slug":"taller-para-la-revision-y-actualizacion-de-la-politica-publica-departamental-de-conflictividad","status":"publish","type":"post","link":"https:\/\/gobernacionaltaverapaz.gob.gt\/?p=23046","title":{"rendered":"Taller para la Revisi\u00f3n y Actualizaci\u00f3n de la Pol\u00edtica P\u00fablica Departamental de Conflictividad"},"content":{"rendered":"<div class=\"xdj266r x14z9mp xat24cr x1lziwak x1vvkbs x126k92a\">\n<div dir=\"auto\" style=\"text-align: justify;\">Con el compromiso de atender de manera integral los conflictos sociales, ambientales y agrarios, la Gobernaci\u00f3n Departamental de Alta Verapaz realiz\u00f3 el Taller para la Revisi\u00f3n y Actualizaci\u00f3n de la Pol\u00edtica P\u00fablica Departamental de Conflictividad.<\/div>\n<\/div>\n<div class=\"x14z9mp xat24cr x1lziwak x1vvkbs xtlvy1s x126k92a\" style=\"text-align: justify;\">\n<div dir=\"auto\">La Gobernadora Lcda. Dilia Margarita C\u00f3 Coy destac\u00f3 que en el departamento existen 92 casos registrados, de los cuales 8 son de alto impacto, y reafirm\u00f3 la importancia de trabajar con unidad junto a las municipalidades, instituciones y pueblos ind\u00edgenas Q\u2019eqchi\u2019, Poqomchi\u2019 y Achi.<\/div>\n<\/div>\n<div class=\"x14z9mp xat24cr x1lziwak x1vvkbs xtlvy1s x126k92a\" style=\"text-align: justify;\">\n<div dir=\"auto\">Durante la jornada se validaron propuestas, se fortaleci\u00f3 la ruta de atenci\u00f3n de casos y se resalt\u00f3 la participaci\u00f3n de la juventud y de la mujer, como claves en la construcci\u00f3n de consensos y paz social.<\/div>\n<\/div>\n<div class=\"x14z9mp xat24cr x1lziwak x1vvkbs xtlvy1s x126k92a\">\n<div dir=\"auto\" style=\"text-align: justify;\">Con di\u00e1logo, inclusi\u00f3n y coordinaci\u00f3n, Avanzamos hacia un Alta Verapaz en paz, digno y con desarrollo para sus comunidades.<\/div>\n<\/div>\n<p>&nbsp;<\/p>\n<p>&nbsp;<\/p>\n<div><\/div>\n","protected":false},"excerpt":{"rendered":"<p>Con el compromiso de atender de manera integral los conflictos sociales, ambientales y agrarios, la Gobernaci\u00f3n Departamental de Alta Verapaz realiz\u00f3 el Taller para la Revisi\u00f3n y Actualizaci\u00f3n de la Pol\u00edtica P\u00fablica Departamental de Conflictividad. La Gobernadora Lcda. Dilia Margarita C\u00f3 Coy destac\u00f3 que en el departamento existen 92 casos registrados, de los cuales 8 [&hellip;]<\/p>\n","protected":false},"author":1,"featured_media":23035,"comment_status":"closed","ping_status":"open","sticky":false,"template":"","format":"gallery","meta":[],"categories":[183],"tags":[178],"_links":{"self":[{"href":"https:\/\/gobernacionaltaverapaz.gob.gt\/index.php?rest_route=\/wp\/v2\/posts\/23046"}],"collection":[{"href":"https:\/\/gobernacionaltaverapaz.gob.gt\/index.php?rest_route=\/wp\/v2\/posts"}],"about":[{"href":"https:\/\/gobernacionaltaverapaz.gob.gt\/index.php?rest_route=\/wp\/v2\/types\/post"}],"author":[{"embeddable":true,"href":"https:\/\/gobernacionaltaverapaz.gob.gt\/index.php?rest_route=\/wp\/v2\/users\/1"}],"replies":[{"embeddable":true,"href":"https:\/\/gobernacionaltaverapaz.gob.gt\/index.php?rest_route=%2Fwp%2Fv2%2Fcomments&post=23046"}],"version-history":[{"count":1,"href":"https:\/\/gobernacionaltaverapaz.gob.gt\/index.php?rest_route=\/wp\/v2\/posts\/23046\/revisions"}],"predecessor-version":[{"id":23047,"href":"https:\/\/gobernacionaltaverapaz.gob.gt\/index.php?rest_route=\/wp\/v2\/posts\/23046\/revisions\/23047"}],"wp:featuredmedia":[{"embeddable":true,"href":"https:\/\/gobernacionaltaverapaz.gob.gt\/index.php?rest_route=\/wp\/v2\/media\/23035"}],"wp:attachment":[{"href":"https:\/\/gobernacionaltaverapaz.gob.gt\/index.php?rest_route=%2Fwp%2Fv2%2Fmedia&parent=23046"}],"wp:term":[{"taxonomy":"category","embeddable":true,"href":"https:\/\/gobernacionaltaverapaz.gob.gt\/index.php?rest_route=%2Fwp%2Fv2%2Fcategories&post=23046"},{"taxonomy":"post_tag","embeddable":true,"href":"https:\/\/gobernacionaltaverapaz.gob.gt\/index.php?rest_route=%2Fwp%2Fv2%2Ftags&post=23046"}],"curies":[{"name":"wp","href":"https:\/\/api.w.org\/{rel}","templated":true}]}}