{"id":23073,"date":"2025-08-25T15:42:20","date_gmt":"2025-08-25T21:42:20","guid":{"rendered":"https:\/\/gobernacionaltaverapaz.gob.gt\/?p=23073"},"modified":"2025-11-06T23:58:46","modified_gmt":"2025-11-07T05:58:46","slug":"alta-verapaz-apuesta-por-la-educacion-y-la-cultura","status":"publish","type":"post","link":"https:\/\/gobernacionaltaverapaz.gob.gt\/?p=23073","title":{"rendered":"Alta Verapaz apuesta por la educaci\u00f3n y la cultura"},"content":{"rendered":"<div class=\"x14z9mp xat24cr x1lziwak x1vvkbs xtlvy1s x126k92a\">\n<div dir=\"auto\" style=\"text-align: justify;\">Este lunes 25 de agosto, se inauguraron las jornadas de visitas escolares en la Escuela de Formaci\u00f3n Agr\u00edcola de Cob\u00e1n.<\/div>\n<\/div>\n<div class=\"x14z9mp xat24cr x1lziwak x1vvkbs xtlvy1s x126k92a\" style=\"text-align: justify;\">\n<div dir=\"auto\">La actividad cont\u00f3 con la participaci\u00f3n de la Gobernadora Departamental de Alta Verapaz, Licda. Dilia Margarita C\u00f3 Coy, y en este marco se abri\u00f3 la Biblioteca-Ludoteca de la EFA, un espacio destinado a fomentar el amor por la lectura, la creatividad y la formaci\u00f3n integral de la ni\u00f1ez y juventud verapacense.<\/div>\n<\/div>\n<div class=\"x14z9mp xat24cr x1lziwak x1vvkbs xtlvy1s x126k92a\">\n<div dir=\"auto\" style=\"text-align: justify;\">Con acciones como estas, el Gobierno de Guatemala reafirma su compromiso de trabajar por una Verapaz m\u00e1s educada, inclusiva y con mayores oportunidades para todas y todos.<\/div>\n<\/div>\n<p>&nbsp;<\/p>\n<p>&nbsp;<\/p>\n<p>&nbsp;<\/p>\n<div><\/div>\n","protected":false},"excerpt":{"rendered":"<p>Este lunes 25 de agosto, se inauguraron las jornadas de visitas escolares en la Escuela de Formaci\u00f3n Agr\u00edcola de Cob\u00e1n. La actividad cont\u00f3 con la participaci\u00f3n de la Gobernadora Departamental de Alta Verapaz, Licda. Dilia Margarita C\u00f3 Coy, y en este marco se abri\u00f3 la Biblioteca-Ludoteca de la EFA, un espacio destinado a fomentar el [&hellip;]<\/p>\n","protected":false},"author":1,"featured_media":23059,"comment_status":"closed","ping_status":"open","sticky":false,"template":"","format":"gallery","meta":[],"categories":[2],"tags":[178],"_links":{"self":[{"href":"https:\/\/gobernacionaltaverapaz.gob.gt\/index.php?rest_route=\/wp\/v2\/posts\/23073"}],"collection":[{"href":"https:\/\/gobernacionaltaverapaz.gob.gt\/index.php?rest_route=\/wp\/v2\/posts"}],"about":[{"href":"https:\/\/gobernacionaltaverapaz.gob.gt\/index.php?rest_route=\/wp\/v2\/types\/post"}],"author":[{"embeddable":true,"href":"https:\/\/gobernacionaltaverapaz.gob.gt\/index.php?rest_route=\/wp\/v2\/users\/1"}],"replies":[{"embeddable":true,"href":"https:\/\/gobernacionaltaverapaz.gob.gt\/index.php?rest_route=%2Fwp%2Fv2%2Fcomments&post=23073"}],"version-history":[{"count":1,"href":"https:\/\/gobernacionaltaverapaz.gob.gt\/index.php?rest_route=\/wp\/v2\/posts\/23073\/revisions"}],"predecessor-version":[{"id":23074,"href":"https:\/\/gobernacionaltaverapaz.gob.gt\/index.php?rest_route=\/wp\/v2\/posts\/23073\/revisions\/23074"}],"wp:featuredmedia":[{"embeddable":true,"href":"https:\/\/gobernacionaltaverapaz.gob.gt\/index.php?rest_route=\/wp\/v2\/media\/23059"}],"wp:attachment":[{"href":"https:\/\/gobernacionaltaverapaz.gob.gt\/index.php?rest_route=%2Fwp%2Fv2%2Fmedia&parent=23073"}],"wp:term":[{"taxonomy":"category","embeddable":true,"href":"https:\/\/gobernacionaltaverapaz.gob.gt\/index.php?rest_route=%2Fwp%2Fv2%2Fcategories&post=23073"},{"taxonomy":"post_tag","embeddable":true,"href":"https:\/\/gobernacionaltaverapaz.gob.gt\/index.php?rest_route=%2Fwp%2Fv2%2Ftags&post=23073"}],"curies":[{"name":"wp","href":"https:\/\/api.w.org\/{rel}","templated":true}]}}