{"id":23087,"date":"2025-08-27T09:17:51","date_gmt":"2025-08-27T15:17:51","guid":{"rendered":"https:\/\/gobernacionaltaverapaz.gob.gt\/?p=23087"},"modified":"2025-11-07T00:05:55","modified_gmt":"2025-11-07T06:05:55","slug":"3ra-feria-agricola-de-vegetales-alta-verapaz-2025","status":"publish","type":"post","link":"https:\/\/gobernacionaltaverapaz.gob.gt\/?p=23087","title":{"rendered":"3ra Feria Agr\u00edcola de Vegetales \u2013 Alta Verapaz 2025"},"content":{"rendered":"<div class=\"x14z9mp xat24cr x1lziwak x1vvkbs xtlvy1s x126k92a\">\n<div dir=\"auto\" style=\"text-align: justify;\">La Tercera Feria Agr\u00edcola de Vegetales re\u00fane a productores, compradores y aliados estrat\u00e9gicos del sector, promoviendo innovaci\u00f3n, intercambio de conocimientos y nuevas oportunidades para el campo.<\/div>\n<\/div>\n<div class=\"x14z9mp xat24cr x1lziwak x1vvkbs xtlvy1s x126k92a\" style=\"text-align: justify;\">\n<div dir=\"auto\">Durante la feria, los asistentes recorrieron los stands de vegetales frescos, conocieron el trabajo de las casas comerciales y participaron en conferencias especializadas que aportan al desarrollo rural sostenible.<\/div>\n<\/div>\n<div class=\"x14z9mp xat24cr x1lziwak x1vvkbs xtlvy1s x126k92a\" style=\"text-align: justify;\">\n<div dir=\"auto\">Conferencias destacadas:<\/div>\n<\/div>\n<div class=\"x14z9mp xat24cr x1lziwak x1vvkbs xtlvy1s x126k92a\" style=\"text-align: justify;\">\n<div dir=\"auto\">La Vainilla: Importancia y Potencial del Cultivo en la Regi\u00f3n\u201d \u2013 Dr. Fredy Archila, Archilarum<br \/>\nAplicaci\u00f3n Clim\u00e1tica\u201d \u2013 Leonel Aldana, Fundaci\u00f3n G\u00e9nesis Empresarial<\/div>\n<\/div>\n<div class=\"x14z9mp xat24cr x1lziwak x1vvkbs xtlvy1s x126k92a\" style=\"text-align: justify;\">\n<div dir=\"auto\">Adem\u00e1s, se realiz\u00f3 un recorrido por los stands para conocer de cerca la producci\u00f3n local y las oportunidades que ofrecen. Con estas acciones, el Gobierno reafirma su compromiso con el desarrollo econ\u00f3mico, la seguridad alimentaria y el bienestar de las comunidades.<\/div>\n<\/div>\n<div class=\"x14z9mp xat24cr x1lziwak x1vvkbs xtlvy1s x126k92a\">\n<div dir=\"auto\" style=\"text-align: justify;\">Agradecemos al Comit\u00e9 Organizador: <span class=\"html-span xdj266r x14z9mp xat24cr x1lziwak xexx8yu xyri2b x18d9i69 x1c1uobl x1hl2dhg x16tdsg8 x1vvkbs\"><a class=\"x1i10hfl xjbqb8w x1ejq31n x18oe1m7 x1sy0etr xstzfhl x972fbf x10w94by x1qhh985 x14e42zd x9f619 x1ypdohk xt0psk2 x3ct3a4 xdj266r x14z9mp xat24cr x1lziwak xexx8yu xyri2b x18d9i69 x1c1uobl x16tdsg8 x1hl2dhg xggy1nq x1a2a7pz xkrqix3 x1sur9pj x1fey0fg x1s688f\" tabindex=\"0\" role=\"link\" href=\"https:\/\/www.facebook.com\/drmercycorpsgt?__cft__[0]=AZXg8doGoYBp7i1mHGnx9kfr5kBgK2QU4Gn212NDCC6Qb0jvfYazuj3BDiZGWY9LdcOiVL9vIgl3xJSxFfAbPmoBOPF2G81urpaWi_o2djtg1CAp7Bv-sb0zILzgRyywc9yQzcaZKu1zcco6iGrgcEoQavQBpeAnrd-F0XEi7gfzgmr97xW5JikQ0OfWuEfw5IE&amp;__tn__=-]K-R\"><span class=\"xt0psk2\"><span class=\"xjp7ctv\">Mercy Corps &#8211; Guatemala<\/span><\/span><\/a><\/span><\/div>\n<div dir=\"auto\" style=\"text-align: justify;\"><span class=\"html-span xdj266r x14z9mp xat24cr x1lziwak xexx8yu xyri2b x18d9i69 x1c1uobl x1hl2dhg x16tdsg8 x1vvkbs\"><a class=\"x1i10hfl xjbqb8w x1ejq31n x18oe1m7 x1sy0etr xstzfhl x972fbf x10w94by x1qhh985 x14e42zd x9f619 x1ypdohk xt0psk2 x3ct3a4 xdj266r x14z9mp xat24cr x1lziwak xexx8yu xyri2b x18d9i69 x1c1uobl x16tdsg8 x1hl2dhg xggy1nq x1a2a7pz xkrqix3 x1sur9pj x1fey0fg x1s688f\" tabindex=\"0\" role=\"link\" href=\"https:\/\/www.facebook.com\/fundaciongenesisempresarial?__cft__[0]=AZXg8doGoYBp7i1mHGnx9kfr5kBgK2QU4Gn212NDCC6Qb0jvfYazuj3BDiZGWY9LdcOiVL9vIgl3xJSxFfAbPmoBOPF2G81urpaWi_o2djtg1CAp7Bv-sb0zILzgRyywc9yQzcaZKu1zcco6iGrgcEoQavQBpeAnrd-F0XEi7gfzgmr97xW5JikQ0OfWuEfw5IE&amp;__tn__=-]K-R\"><span class=\"xt0psk2\"><span class=\"xjp7ctv\">Fundaci\u00f3n G\u00e9nesis Empresarial<\/span><\/span><\/a><\/span>, <span class=\"html-span xdj266r x14z9mp xat24cr x1lziwak xexx8yu xyri2b x18d9i69 x1c1uobl x1hl2dhg x16tdsg8 x1vvkbs\"><a class=\"x1i10hfl xjbqb8w x1ejq31n x18oe1m7 x1sy0etr xstzfhl x972fbf x10w94by x1qhh985 x14e42zd x9f619 x1ypdohk xt0psk2 x3ct3a4 xdj266r x14z9mp xat24cr x1lziwak xexx8yu xyri2b x18d9i69 x1c1uobl x16tdsg8 x1hl2dhg xggy1nq x1a2a7pz xkrqix3 x1sur9pj x1fey0fg x1s688f\" tabindex=\"0\" role=\"link\" href=\"https:\/\/www.facebook.com\/maga.gt?__cft__[0]=AZXg8doGoYBp7i1mHGnx9kfr5kBgK2QU4Gn212NDCC6Qb0jvfYazuj3BDiZGWY9LdcOiVL9vIgl3xJSxFfAbPmoBOPF2G81urpaWi_o2djtg1CAp7Bv-sb0zILzgRyywc9yQzcaZKu1zcco6iGrgcEoQavQBpeAnrd-F0XEi7gfzgmr97xW5JikQ0OfWuEfw5IE&amp;__tn__=-]K-R\"><span class=\"xt0psk2\"><span class=\"xjp7ctv\">Ministerio de Agricultura, Ganader\u00eda y Alimentaci\u00f3n &#8211; MAGA<\/span><\/span><\/a><\/span> <span class=\"html-span xdj266r x14z9mp xat24cr x1lziwak xexx8yu xyri2b x18d9i69 x1c1uobl x1hl2dhg x16tdsg8 x1vvkbs\"><a class=\"x1i10hfl xjbqb8w x1ejq31n x18oe1m7 x1sy0etr xstzfhl x972fbf x10w94by x1qhh985 x14e42zd x9f619 x1ypdohk xt0psk2 x3ct3a4 xdj266r x14z9mp xat24cr x1lziwak xexx8yu xyri2b x18d9i69 x1c1uobl x16tdsg8 x1hl2dhg xggy1nq x1a2a7pz xkrqix3 x1sur9pj x1fey0fg x1s688f\" tabindex=\"0\" role=\"link\" href=\"https:\/\/www.facebook.com\/MINECOGT?__cft__[0]=AZXg8doGoYBp7i1mHGnx9kfr5kBgK2QU4Gn212NDCC6Qb0jvfYazuj3BDiZGWY9LdcOiVL9vIgl3xJSxFfAbPmoBOPF2G81urpaWi_o2djtg1CAp7Bv-sb0zILzgRyywc9yQzcaZKu1zcco6iGrgcEoQavQBpeAnrd-F0XEi7gfzgmr97xW5JikQ0OfWuEfw5IE&amp;__tn__=-]K-R\"><span class=\"xt0psk2\"><span class=\"xjp7ctv\">Ministerio de Econom\u00eda Guatemala<\/span><\/span><\/a><\/span>, <span class=\"html-span xdj266r x14z9mp xat24cr x1lziwak xexx8yu xyri2b x18d9i69 x1c1uobl x1hl2dhg x16tdsg8 x1vvkbs\"><a class=\"x1i10hfl xjbqb8w x1ejq31n x18oe1m7 x1sy0etr xstzfhl x972fbf x10w94by x1qhh985 x14e42zd x9f619 x1ypdohk xt0psk2 x3ct3a4 xdj266r x14z9mp xat24cr x1lziwak xexx8yu xyri2b x18d9i69 x1c1uobl x16tdsg8 x1hl2dhg xggy1nq x1a2a7pz xkrqix3 x1sur9pj x1fey0fg x1s688f\" tabindex=\"0\" role=\"link\" href=\"https:\/\/www.facebook.com\/cunor.coban?__cft__[0]=AZXg8doGoYBp7i1mHGnx9kfr5kBgK2QU4Gn212NDCC6Qb0jvfYazuj3BDiZGWY9LdcOiVL9vIgl3xJSxFfAbPmoBOPF2G81urpaWi_o2djtg1CAp7Bv-sb0zILzgRyywc9yQzcaZKu1zcco6iGrgcEoQavQBpeAnrd-F0XEi7gfzgmr97xW5JikQ0OfWuEfw5IE&amp;__tn__=-]K-R\"><span class=\"xt0psk2\"><span class=\"xjp7ctv\">USAC CUNOR &#8211; Centro Universitario del Norte<\/span><\/span><\/a><\/span> de Agronom\u00eda, <span class=\"html-span xdj266r x14z9mp xat24cr x1lziwak xexx8yu xyri2b x18d9i69 x1c1uobl x1hl2dhg x16tdsg8 x1vvkbs\"><a class=\"x1i10hfl xjbqb8w x1ejq31n x18oe1m7 x1sy0etr xstzfhl x972fbf x10w94by x1qhh985 x14e42zd x9f619 x1ypdohk xt0psk2 x3ct3a4 xdj266r x14z9mp xat24cr x1lziwak xexx8yu xyri2b x18d9i69 x1c1uobl x16tdsg8 x1hl2dhg xggy1nq x1a2a7pz xkrqix3 x1sur9pj x1fey0fg x1s688f\" tabindex=\"0\" role=\"link\" href=\"https:\/\/www.facebook.com\/umesverapaz?__cft__[0]=AZXg8doGoYBp7i1mHGnx9kfr5kBgK2QU4Gn212NDCC6Qb0jvfYazuj3BDiZGWY9LdcOiVL9vIgl3xJSxFfAbPmoBOPF2G81urpaWi_o2djtg1CAp7Bv-sb0zILzgRyywc9yQzcaZKu1zcco6iGrgcEoQavQBpeAnrd-F0XEi7gfzgmr97xW5JikQ0OfWuEfw5IE&amp;__tn__=-]K-R\"><span class=\"xt0psk2\"><span class=\"xjp7ctv\">Universidad Mesoamericana Sede Alta Verapaz<\/span><\/span><\/a><\/span>, Escuela de Formaci\u00f3n Agr\u00edcola y al Colegio de Ingenieros Agr\u00f3nomos de Guatemala, que fueron pilares esenciales en la 3ra Feria Agr\u00edcola de Vegetales.<\/div>\n<\/div>\n<p>&nbsp;<\/p>\n<p>&nbsp;<\/p>\n<p>&nbsp;<\/p>\n<div><\/div>\n","protected":false},"excerpt":{"rendered":"<p>La Tercera Feria Agr\u00edcola de Vegetales re\u00fane a productores, compradores y aliados estrat\u00e9gicos del sector, promoviendo innovaci\u00f3n, intercambio de conocimientos y nuevas oportunidades para el campo. Durante la feria, los asistentes recorrieron los stands de vegetales frescos, conocieron el trabajo de las casas comerciales y participaron en conferencias especializadas que aportan al desarrollo rural sostenible. [&hellip;]<\/p>\n","protected":false},"author":1,"featured_media":23075,"comment_status":"closed","ping_status":"open","sticky":false,"template":"","format":"gallery","meta":[],"categories":[7],"tags":[178],"_links":{"self":[{"href":"https:\/\/gobernacionaltaverapaz.gob.gt\/index.php?rest_route=\/wp\/v2\/posts\/23087"}],"collection":[{"href":"https:\/\/gobernacionaltaverapaz.gob.gt\/index.php?rest_route=\/wp\/v2\/posts"}],"about":[{"href":"https:\/\/gobernacionaltaverapaz.gob.gt\/index.php?rest_route=\/wp\/v2\/types\/post"}],"author":[{"embeddable":true,"href":"https:\/\/gobernacionaltaverapaz.gob.gt\/index.php?rest_route=\/wp\/v2\/users\/1"}],"replies":[{"embeddable":true,"href":"https:\/\/gobernacionaltaverapaz.gob.gt\/index.php?rest_route=%2Fwp%2Fv2%2Fcomments&post=23087"}],"version-history":[{"count":1,"href":"https:\/\/gobernacionaltaverapaz.gob.gt\/index.php?rest_route=\/wp\/v2\/posts\/23087\/revisions"}],"predecessor-version":[{"id":23088,"href":"https:\/\/gobernacionaltaverapaz.gob.gt\/index.php?rest_route=\/wp\/v2\/posts\/23087\/revisions\/23088"}],"wp:featuredmedia":[{"embeddable":true,"href":"https:\/\/gobernacionaltaverapaz.gob.gt\/index.php?rest_route=\/wp\/v2\/media\/23075"}],"wp:attachment":[{"href":"https:\/\/gobernacionaltaverapaz.gob.gt\/index.php?rest_route=%2Fwp%2Fv2%2Fmedia&parent=23087"}],"wp:term":[{"taxonomy":"category","embeddable":true,"href":"https:\/\/gobernacionaltaverapaz.gob.gt\/index.php?rest_route=%2Fwp%2Fv2%2Fcategories&post=23087"},{"taxonomy":"post_tag","embeddable":true,"href":"https:\/\/gobernacionaltaverapaz.gob.gt\/index.php?rest_route=%2Fwp%2Fv2%2Ftags&post=23087"}],"curies":[{"name":"wp","href":"https:\/\/api.w.org\/{rel}","templated":true}]}}