{"id":23099,"date":"2025-08-28T10:37:55","date_gmt":"2025-08-28T16:37:55","guid":{"rendered":"https:\/\/gobernacionaltaverapaz.gob.gt\/?p=23099"},"modified":"2025-11-07T00:13:49","modified_gmt":"2025-11-07T06:13:49","slug":"feria-libro-al-viento-verapaz","status":"publish","type":"post","link":"https:\/\/gobernacionaltaverapaz.gob.gt\/?p=23099","title":{"rendered":"Feria Libro al Viento Verapaz"},"content":{"rendered":"<div class=\"x14z9mp xat24cr x1lziwak x1vvkbs xtlvy1s x126k92a\">\n<div dir=\"auto\" style=\"text-align: justify;\">La primera edici\u00f3n de la Feria Libro al Viento Verapaz abri\u00f3 sus p\u00e1ginas en Alta Verapaz con la presencia de la Vicepresidenta de la Rep\u00fablica, Dra. Karin Herrera, quien junto a la Gobernadora Departamental Lcda. Dilia Margarita C\u00f3 Coy comparti\u00f3 el compromiso de impulsar la lectura, el arte y la cultura como motores de transformaci\u00f3n para la ni\u00f1ez y la juventud.<\/div>\n<\/div>\n<div class=\"x14z9mp xat24cr x1lziwak x1vvkbs xtlvy1s x126k92a\">\n<div dir=\"auto\" style=\"text-align: justify;\">Este espacio se convierte en un puente hacia nuevas ideas, fomenta la curiosidad y fortalece el pensamiento cr\u00edtico, sembrando esperanza en las futuras generaciones. Cada libro le\u00eddo es una oportunidad para abrir caminos hacia un futuro con m\u00e1s oportunidades y justicia social.<\/div>\n<\/div>\n<p>&nbsp;<\/p>\n<p>&nbsp;<\/p>\n<div><\/div>\n","protected":false},"excerpt":{"rendered":"<p>La primera edici\u00f3n de la Feria Libro al Viento Verapaz abri\u00f3 sus p\u00e1ginas en Alta Verapaz con la presencia de la Vicepresidenta de la Rep\u00fablica, Dra. Karin Herrera, quien junto a la Gobernadora Departamental Lcda. Dilia Margarita C\u00f3 Coy comparti\u00f3 el compromiso de impulsar la lectura, el arte y la cultura como motores de transformaci\u00f3n [&hellip;]<\/p>\n","protected":false},"author":1,"featured_media":23089,"comment_status":"closed","ping_status":"open","sticky":false,"template":"","format":"gallery","meta":[],"categories":[7],"tags":[178],"_links":{"self":[{"href":"https:\/\/gobernacionaltaverapaz.gob.gt\/index.php?rest_route=\/wp\/v2\/posts\/23099"}],"collection":[{"href":"https:\/\/gobernacionaltaverapaz.gob.gt\/index.php?rest_route=\/wp\/v2\/posts"}],"about":[{"href":"https:\/\/gobernacionaltaverapaz.gob.gt\/index.php?rest_route=\/wp\/v2\/types\/post"}],"author":[{"embeddable":true,"href":"https:\/\/gobernacionaltaverapaz.gob.gt\/index.php?rest_route=\/wp\/v2\/users\/1"}],"replies":[{"embeddable":true,"href":"https:\/\/gobernacionaltaverapaz.gob.gt\/index.php?rest_route=%2Fwp%2Fv2%2Fcomments&post=23099"}],"version-history":[{"count":1,"href":"https:\/\/gobernacionaltaverapaz.gob.gt\/index.php?rest_route=\/wp\/v2\/posts\/23099\/revisions"}],"predecessor-version":[{"id":23100,"href":"https:\/\/gobernacionaltaverapaz.gob.gt\/index.php?rest_route=\/wp\/v2\/posts\/23099\/revisions\/23100"}],"wp:featuredmedia":[{"embeddable":true,"href":"https:\/\/gobernacionaltaverapaz.gob.gt\/index.php?rest_route=\/wp\/v2\/media\/23089"}],"wp:attachment":[{"href":"https:\/\/gobernacionaltaverapaz.gob.gt\/index.php?rest_route=%2Fwp%2Fv2%2Fmedia&parent=23099"}],"wp:term":[{"taxonomy":"category","embeddable":true,"href":"https:\/\/gobernacionaltaverapaz.gob.gt\/index.php?rest_route=%2Fwp%2Fv2%2Fcategories&post=23099"},{"taxonomy":"post_tag","embeddable":true,"href":"https:\/\/gobernacionaltaverapaz.gob.gt\/index.php?rest_route=%2Fwp%2Fv2%2Ftags&post=23099"}],"curies":[{"name":"wp","href":"https:\/\/api.w.org\/{rel}","templated":true}]}}