{"id":23124,"date":"2025-08-29T10:35:14","date_gmt":"2025-08-29T16:35:14","guid":{"rendered":"https:\/\/gobernacionaltaverapaz.gob.gt\/?p=23124"},"modified":"2025-11-07T00:35:38","modified_gmt":"2025-11-07T06:35:38","slug":"reunion-ordinaria-del-consejo-departamental-de-desarrollo-alta-verapaz","status":"publish","type":"post","link":"https:\/\/gobernacionaltaverapaz.gob.gt\/?p=23124","title":{"rendered":"Reuni\u00f3n Ordinaria del Consejo Departamental de Desarrollo \u2013 Alta Verapaz"},"content":{"rendered":"<div class=\"x14z9mp xat24cr x1lziwak x1vvkbs xtlvy1s x126k92a\">\n<div dir=\"auto\" style=\"text-align: justify;\">El pasado 28 de agosto de 2025, se realiz\u00f3 la Reuni\u00f3n Ordinaria del Consejo Departamental de Desarrollo (CODEDE) de Alta Verapaz, presidida por la Gobernadora Departamental, Lcda. Dilia Margarita C\u00f3 Coy, y con la participaci\u00f3n de autoridades municipales, representantes institucionales y de sociedad civil. El encuentro tuvo como objetivo dar seguimiento a los procesos de planificaci\u00f3n, inversi\u00f3n p\u00fablica y ejecuci\u00f3n de proyectos estrat\u00e9gicos para el desarrollo del departamento.<\/div>\n<\/div>\n<div class=\"x14z9mp xat24cr x1lziwak x1vvkbs xtlvy1s x126k92a\" style=\"text-align: justify;\">\n<div dir=\"auto\">Durante la sesi\u00f3n se inform\u00f3 que de los 122 proyectos ordinarios programados para 2025, 121 ya cuentan con aprobaci\u00f3n, mientras que en los 51 proyectos extraordinarios, 50 fueron aprobados. Asimismo, se destac\u00f3 la recepci\u00f3n de recursos financieros por m\u00e1s de Q.134 millones, distribuidos entre fondos ordinarios (Q.66.4 millones) y extraordinarios (Q.67.7 millones). Se aprob\u00f3 tambi\u00e9n la continuidad de la comisi\u00f3n temporal encargada del proceso de elecci\u00f3n de representantes j\u00f3venes ante el CODEDE, reafirmando el compromiso con la inclusi\u00f3n y participaci\u00f3n ciudadana.<\/div>\n<\/div>\n<div class=\"x14z9mp xat24cr x1lziwak x1vvkbs xtlvy1s x126k92a\">\n<div dir=\"auto\" style=\"text-align: justify;\">La agenda incluy\u00f3, adem\u00e1s, la presentaci\u00f3n de avances en el Programa de Certificaci\u00f3n en Alta Verapaz a cargo del Instituto Nacional de Administraci\u00f3n P\u00fablica (INAP), as\u00ed como la socializaci\u00f3n de las Gu\u00edas Municipales Ambientales promovidas por el Ministerio de Ambiente y Recursos Naturales. Entre los acuerdos finales, se autoriz\u00f3 la programaci\u00f3n de mesas t\u00e9cnicas para la tercera fase de proyectos 2026 y se instruy\u00f3 a las municipalidades de Cob\u00e1n, Tucur\u00fa, San Pedro Carch\u00e1 y San Juan Chamelco a notificar la situaci\u00f3n de los recursos FONPETROL. La Gobernadora C\u00f3 Coy agradeci\u00f3 la participaci\u00f3n de los sectores representados y reafirm\u00f3 el compromiso del Gobierno del Presidente Dr. Bernardo Ar\u00e9valo de Le\u00f3n de trabajar con transparencia, eficiencia y coordinaci\u00f3n interinstitucional en beneficio de las familias verapacenses.<\/div>\n<\/div>\n<p>&nbsp;<\/p>\n<p>&nbsp;<\/p>\n<div><\/div>\n","protected":false},"excerpt":{"rendered":"<p>El pasado 28 de agosto de 2025, se realiz\u00f3 la Reuni\u00f3n Ordinaria del Consejo Departamental de Desarrollo (CODEDE) de Alta Verapaz, presidida por la Gobernadora Departamental, Lcda. Dilia Margarita C\u00f3 Coy, y con la participaci\u00f3n de autoridades municipales, representantes institucionales y de sociedad civil. El encuentro tuvo como objetivo dar seguimiento a los procesos de [&hellip;]<\/p>\n","protected":false},"author":1,"featured_media":23114,"comment_status":"closed","ping_status":"open","sticky":false,"template":"","format":"gallery","meta":[],"categories":[183],"tags":[178],"_links":{"self":[{"href":"https:\/\/gobernacionaltaverapaz.gob.gt\/index.php?rest_route=\/wp\/v2\/posts\/23124"}],"collection":[{"href":"https:\/\/gobernacionaltaverapaz.gob.gt\/index.php?rest_route=\/wp\/v2\/posts"}],"about":[{"href":"https:\/\/gobernacionaltaverapaz.gob.gt\/index.php?rest_route=\/wp\/v2\/types\/post"}],"author":[{"embeddable":true,"href":"https:\/\/gobernacionaltaverapaz.gob.gt\/index.php?rest_route=\/wp\/v2\/users\/1"}],"replies":[{"embeddable":true,"href":"https:\/\/gobernacionaltaverapaz.gob.gt\/index.php?rest_route=%2Fwp%2Fv2%2Fcomments&post=23124"}],"version-history":[{"count":1,"href":"https:\/\/gobernacionaltaverapaz.gob.gt\/index.php?rest_route=\/wp\/v2\/posts\/23124\/revisions"}],"predecessor-version":[{"id":23125,"href":"https:\/\/gobernacionaltaverapaz.gob.gt\/index.php?rest_route=\/wp\/v2\/posts\/23124\/revisions\/23125"}],"wp:featuredmedia":[{"embeddable":true,"href":"https:\/\/gobernacionaltaverapaz.gob.gt\/index.php?rest_route=\/wp\/v2\/media\/23114"}],"wp:attachment":[{"href":"https:\/\/gobernacionaltaverapaz.gob.gt\/index.php?rest_route=%2Fwp%2Fv2%2Fmedia&parent=23124"}],"wp:term":[{"taxonomy":"category","embeddable":true,"href":"https:\/\/gobernacionaltaverapaz.gob.gt\/index.php?rest_route=%2Fwp%2Fv2%2Fcategories&post=23124"},{"taxonomy":"post_tag","embeddable":true,"href":"https:\/\/gobernacionaltaverapaz.gob.gt\/index.php?rest_route=%2Fwp%2Fv2%2Ftags&post=23124"}],"curies":[{"name":"wp","href":"https:\/\/api.w.org\/{rel}","templated":true}]}}