{"id":23126,"date":"2025-08-31T20:22:52","date_gmt":"2025-09-01T02:22:52","guid":{"rendered":"https:\/\/gobernacionaltaverapaz.gob.gt\/?p=23126"},"modified":"2025-11-07T00:38:54","modified_gmt":"2025-11-07T06:38:54","slug":"feria-libro-al-viento-verapaz-celebrada-en-coban","status":"publish","type":"post","link":"https:\/\/gobernacionaltaverapaz.gob.gt\/?p=23126","title":{"rendered":"Feria Libro al Viento Verapaz, celebrada en Cob\u00e1n"},"content":{"rendered":"<div class=\"xdj266r x14z9mp xat24cr x1lziwak x1vvkbs x126k92a\">\n<div dir=\"auto\" style=\"text-align: justify;\">Desde la Gobernaci\u00f3n Departamental de Alta Verapaz agradecemos profundamente a cada lector, escritora, escritor, estudiante, docente, instituci\u00f3n y comunidad que particip\u00f3 en la Feria Libro al Viento Verapaz, celebrada en Cob\u00e1n.<\/div>\n<\/div>\n<div class=\"x14z9mp xat24cr x1lziwak x1vvkbs xtlvy1s x126k92a\" style=\"text-align: justify;\">\n<div dir=\"auto\">Nuestra Gobernadora, Dilia Margarita C\u00f3 Coy, reitera su compromiso con el impulso a la lectura, la educaci\u00f3n y el acceso a la cultura para todas y todos.<\/div>\n<\/div>\n<div class=\"x14z9mp xat24cr x1lziwak x1vvkbs xtlvy1s x126k92a\">\n<div dir=\"auto\" style=\"text-align: justify;\">Seguimos trabajando por un Alta Verapaz que lee, sue\u00f1a y construye su futuro.<\/div>\n<\/div>\n<p>&nbsp;<\/p>\n<p>&nbsp;<\/p>\n<p><img decoding=\"async\" loading=\"lazy\" class=\"alignnone size-full wp-image-23127\" src=\"https:\/\/gobernacionaltaverapaz.gob.gt\/wp-content\/uploads\/2025\/11\/01-7.gif\" alt=\"\" width=\"900\" height=\"600\" \/><\/p>\n","protected":false},"excerpt":{"rendered":"<p>Desde la Gobernaci\u00f3n Departamental de Alta Verapaz agradecemos profundamente a cada lector, escritora, escritor, estudiante, docente, instituci\u00f3n y comunidad que particip\u00f3 en la Feria Libro al Viento Verapaz, celebrada en Cob\u00e1n. Nuestra Gobernadora, Dilia Margarita C\u00f3 Coy, reitera su compromiso con el impulso a la lectura, la educaci\u00f3n y el acceso a la cultura para [&hellip;]<\/p>\n","protected":false},"author":1,"featured_media":23128,"comment_status":"closed","ping_status":"open","sticky":false,"template":"","format":"standard","meta":[],"categories":[183],"tags":[178],"_links":{"self":[{"href":"https:\/\/gobernacionaltaverapaz.gob.gt\/index.php?rest_route=\/wp\/v2\/posts\/23126"}],"collection":[{"href":"https:\/\/gobernacionaltaverapaz.gob.gt\/index.php?rest_route=\/wp\/v2\/posts"}],"about":[{"href":"https:\/\/gobernacionaltaverapaz.gob.gt\/index.php?rest_route=\/wp\/v2\/types\/post"}],"author":[{"embeddable":true,"href":"https:\/\/gobernacionaltaverapaz.gob.gt\/index.php?rest_route=\/wp\/v2\/users\/1"}],"replies":[{"embeddable":true,"href":"https:\/\/gobernacionaltaverapaz.gob.gt\/index.php?rest_route=%2Fwp%2Fv2%2Fcomments&post=23126"}],"version-history":[{"count":1,"href":"https:\/\/gobernacionaltaverapaz.gob.gt\/index.php?rest_route=\/wp\/v2\/posts\/23126\/revisions"}],"predecessor-version":[{"id":23129,"href":"https:\/\/gobernacionaltaverapaz.gob.gt\/index.php?rest_route=\/wp\/v2\/posts\/23126\/revisions\/23129"}],"wp:featuredmedia":[{"embeddable":true,"href":"https:\/\/gobernacionaltaverapaz.gob.gt\/index.php?rest_route=\/wp\/v2\/media\/23128"}],"wp:attachment":[{"href":"https:\/\/gobernacionaltaverapaz.gob.gt\/index.php?rest_route=%2Fwp%2Fv2%2Fmedia&parent=23126"}],"wp:term":[{"taxonomy":"category","embeddable":true,"href":"https:\/\/gobernacionaltaverapaz.gob.gt\/index.php?rest_route=%2Fwp%2Fv2%2Fcategories&post=23126"},{"taxonomy":"post_tag","embeddable":true,"href":"https:\/\/gobernacionaltaverapaz.gob.gt\/index.php?rest_route=%2Fwp%2Fv2%2Ftags&post=23126"}],"curies":[{"name":"wp","href":"https:\/\/api.w.org\/{rel}","templated":true}]}}