{"id":23134,"date":"2025-09-02T07:39:41","date_gmt":"2025-09-02T13:39:41","guid":{"rendered":"https:\/\/gobernacionaltaverapaz.gob.gt\/?p=23134"},"modified":"2025-11-07T00:48:26","modified_gmt":"2025-11-07T06:48:26","slug":"reunion-de-la-mesa-tecnica-departamental-iniciativa-intersectorial-mano-a-mano","status":"publish","type":"post","link":"https:\/\/gobernacionaltaverapaz.gob.gt\/?p=23134","title":{"rendered":"Reuni\u00f3n de la Mesa T\u00e9cnica Departamental \u2013 Iniciativa Intersectorial Mano a Mano"},"content":{"rendered":"<div class=\"x14z9mp xat24cr x1lziwak x1vvkbs xtlvy1s x126k92a\">\n<div dir=\"auto\" style=\"text-align: justify;\">La Gobernaci\u00f3n Departamental de Alta Verapaz acompa\u00f1\u00f3 la reuni\u00f3n de la Mesa T\u00e9cnica Departamental de la iniciativa Mano a Mano, donde se analiz\u00f3 el avance de los planes de trabajo de las 10 instituciones involucradas:<\/div>\n<\/div>\n<div class=\"x14z9mp xat24cr x1lziwak x1vvkbs xtlvy1s x126k92a\" style=\"text-align: justify;\">\n<div dir=\"auto\">-Ministerio de Salud P\u00fablica y Asistencia Social (MSPAS)<\/div>\n<div dir=\"auto\">-Ministerio de Educaci\u00f3n (MINEDUC)<\/div>\n<div dir=\"auto\">-Ministerio de Agricultura, Ganader\u00eda y Alimentaci\u00f3n (MAGA)<\/div>\n<div dir=\"auto\">-Ministerio de Comunicaciones, Infraestructura y Vivienda (MICIVI)<\/div>\n<div dir=\"auto\">-Ministerio de Econom\u00eda (MINECO)<\/div>\n<div dir=\"auto\">-Ministerio de Trabajo y Previsi\u00f3n Social (MINTRAB)<\/div>\n<div dir=\"auto\">-Ministerio de la Defensa Nacional (MINDEF)<\/div>\n<div dir=\"auto\">-Ministerio de Desarrollo Social (MIDES)<\/div>\n<div dir=\"auto\">-Secretar\u00eda de Seguridad Alimentaria y Nutricional (SESAN)<\/div>\n<div dir=\"auto\">-Sociedad civil y cooperaci\u00f3n internacional<\/div>\n<\/div>\n<div class=\"x14z9mp xat24cr x1lziwak x1vvkbs xtlvy1s x126k92a\">\n<div dir=\"auto\" style=\"text-align: justify;\">Con estas acciones, fortalecemos la coordinaci\u00f3n interinstitucional y reafirmamos que el pueblo digno es primero.<\/div>\n<\/div>\n<p>&nbsp;<\/p>\n<p>&nbsp;<\/p>\n<div><\/div>\n","protected":false},"excerpt":{"rendered":"<p>La Gobernaci\u00f3n Departamental de Alta Verapaz acompa\u00f1\u00f3 la reuni\u00f3n de la Mesa T\u00e9cnica Departamental de la iniciativa Mano a Mano, donde se analiz\u00f3 el avance de los planes de trabajo de las 10 instituciones involucradas: -Ministerio de Salud P\u00fablica y Asistencia Social (MSPAS) -Ministerio de Educaci\u00f3n (MINEDUC) -Ministerio de Agricultura, Ganader\u00eda y Alimentaci\u00f3n (MAGA) -Ministerio [&hellip;]<\/p>\n","protected":false},"author":1,"featured_media":23130,"comment_status":"closed","ping_status":"open","sticky":false,"template":"","format":"gallery","meta":[],"categories":[183],"tags":[178],"_links":{"self":[{"href":"https:\/\/gobernacionaltaverapaz.gob.gt\/index.php?rest_route=\/wp\/v2\/posts\/23134"}],"collection":[{"href":"https:\/\/gobernacionaltaverapaz.gob.gt\/index.php?rest_route=\/wp\/v2\/posts"}],"about":[{"href":"https:\/\/gobernacionaltaverapaz.gob.gt\/index.php?rest_route=\/wp\/v2\/types\/post"}],"author":[{"embeddable":true,"href":"https:\/\/gobernacionaltaverapaz.gob.gt\/index.php?rest_route=\/wp\/v2\/users\/1"}],"replies":[{"embeddable":true,"href":"https:\/\/gobernacionaltaverapaz.gob.gt\/index.php?rest_route=%2Fwp%2Fv2%2Fcomments&post=23134"}],"version-history":[{"count":1,"href":"https:\/\/gobernacionaltaverapaz.gob.gt\/index.php?rest_route=\/wp\/v2\/posts\/23134\/revisions"}],"predecessor-version":[{"id":23135,"href":"https:\/\/gobernacionaltaverapaz.gob.gt\/index.php?rest_route=\/wp\/v2\/posts\/23134\/revisions\/23135"}],"wp:featuredmedia":[{"embeddable":true,"href":"https:\/\/gobernacionaltaverapaz.gob.gt\/index.php?rest_route=\/wp\/v2\/media\/23130"}],"wp:attachment":[{"href":"https:\/\/gobernacionaltaverapaz.gob.gt\/index.php?rest_route=%2Fwp%2Fv2%2Fmedia&parent=23134"}],"wp:term":[{"taxonomy":"category","embeddable":true,"href":"https:\/\/gobernacionaltaverapaz.gob.gt\/index.php?rest_route=%2Fwp%2Fv2%2Fcategories&post=23134"},{"taxonomy":"post_tag","embeddable":true,"href":"https:\/\/gobernacionaltaverapaz.gob.gt\/index.php?rest_route=%2Fwp%2Fv2%2Ftags&post=23134"}],"curies":[{"name":"wp","href":"https:\/\/api.w.org\/{rel}","templated":true}]}}