{"id":23141,"date":"2025-09-03T15:26:10","date_gmt":"2025-09-03T21:26:10","guid":{"rendered":"https:\/\/gobernacionaltaverapaz.gob.gt\/?p=23141"},"modified":"2025-11-07T00:55:57","modified_gmt":"2025-11-07T06:55:57","slug":"recomendaciones-del-comite-de-los-derechos-del-nino","status":"publish","type":"post","link":"https:\/\/gobernacionaltaverapaz.gob.gt\/?p=23141","title":{"rendered":"Recomendaciones del Comit\u00e9 de los Derechos del Ni\u00f1o"},"content":{"rendered":"<div class=\"xdj266r x14z9mp xat24cr x1lziwak x1vvkbs x126k92a\">\n<div dir=\"auto\" style=\"text-align: justify;\">El Gobierno de Guatemala, a trav\u00e9s de la <span class=\"html-span xdj266r x14z9mp xat24cr x1lziwak xexx8yu xyri2b x18d9i69 x1c1uobl x1hl2dhg x16tdsg8 x1vvkbs\"><a class=\"x1i10hfl xjbqb8w x1ejq31n x18oe1m7 x1sy0etr xstzfhl x972fbf x10w94by x1qhh985 x14e42zd x9f619 x1ypdohk xt0psk2 x3ct3a4 xdj266r x14z9mp xat24cr x1lziwak xexx8yu xyri2b x18d9i69 x1c1uobl x16tdsg8 x1hl2dhg xggy1nq x1a2a7pz xkrqix3 x1sur9pj x1fey0fg x1s688f\" tabindex=\"0\" role=\"link\" href=\"https:\/\/www.facebook.com\/COPADEHGT?__cft__[0]=AZU_Z0_MYf-kZdpGZCmxbH-PyRe0pF9kxLa1huA3hzDIxG4WKWdLJfyq4Y5u1g9eKkoXutghLRRhKvtsUGzsoCcpqmYTcGNvQ234plso6uFo5TY82PHb2fj6_Q1mUblY7N1k8mtxmxga4q0uusJW7IrRtQhXfjuvjYVIWFi1Ikh_a-Rg91D3EN4vCmRm2c_r2AY&amp;__tn__=-]K-R\"><span class=\"xt0psk2\"><span class=\"xjp7ctv\">Comisi\u00f3n Presidencial por la Paz y los Derechos Humanos<\/span><\/span><\/a><\/span> (COPADEH), en coordinaci\u00f3n con <span class=\"html-span xdj266r x14z9mp xat24cr x1lziwak xexx8yu xyri2b x18d9i69 x1c1uobl x1hl2dhg x16tdsg8 x1vvkbs\"><a class=\"x1i10hfl xjbqb8w x1ejq31n x18oe1m7 x1sy0etr xstzfhl x972fbf x10w94by x1qhh985 x14e42zd x9f619 x1ypdohk xt0psk2 x3ct3a4 xdj266r x14z9mp xat24cr x1lziwak xexx8yu xyri2b x18d9i69 x1c1uobl x16tdsg8 x1hl2dhg xggy1nq x1a2a7pz xkrqix3 x1sur9pj x1fey0fg x1s688f\" tabindex=\"0\" role=\"link\" href=\"https:\/\/www.facebook.com\/unicefguatemala?__cft__[0]=AZU_Z0_MYf-kZdpGZCmxbH-PyRe0pF9kxLa1huA3hzDIxG4WKWdLJfyq4Y5u1g9eKkoXutghLRRhKvtsUGzsoCcpqmYTcGNvQ234plso6uFo5TY82PHb2fj6_Q1mUblY7N1k8mtxmxga4q0uusJW7IrRtQhXfjuvjYVIWFi1Ikh_a-Rg91D3EN4vCmRm2c_r2AY&amp;__tn__=-]K-R\"><span class=\"xt0psk2\"><span class=\"xjp7ctv\">UNICEF Guatemala<\/span><\/span><\/a><\/span> y con el acompa\u00f1amiento de la Gobernadora Departamental, impulsa el Taller de Socializaci\u00f3n de las Recomendaciones del Comit\u00e9 de los Derechos del Ni\u00f1o.<\/div>\n<\/div>\n<div class=\"x14z9mp xat24cr x1lziwak x1vvkbs xtlvy1s x126k92a\" style=\"text-align: justify;\">\n<div dir=\"auto\">El objetivo de esta jornada es fortalecer el compromiso institucional y comunitario con la ni\u00f1ez, mediante:<\/div>\n<\/div>\n<div class=\"x14z9mp xat24cr x1lziwak x1vvkbs xtlvy1s x126k92a\" style=\"text-align: justify;\">\n<div dir=\"auto\">Presentaci\u00f3n de la Convenci\u00f3n sobre los Derechos del Ni\u00f1o, destacando los avances y retos en la implementaci\u00f3n a nivel nacional.<\/div>\n<\/div>\n<div class=\"x14z9mp xat24cr x1lziwak x1vvkbs xtlvy1s x126k92a\" style=\"text-align: justify;\">\n<div dir=\"auto\">Exposici\u00f3n de las recomendaciones 2024 emitidas por el Comit\u00e9 de los Derechos del Ni\u00f1o, como gu\u00eda para el accionar de instituciones y sociedad civil.<\/div>\n<\/div>\n<div class=\"x14z9mp xat24cr x1lziwak x1vvkbs xtlvy1s x126k92a\">\n<div dir=\"auto\" style=\"text-align: justify;\">Taller pr\u00e1ctico con los participantes, que permitir\u00e1 reflexionar y generar propuestas para garantizar el cumplimiento de los derechos de las ni\u00f1as, ni\u00f1os y adolescentes.<\/div>\n<\/div>\n<p>&nbsp;<\/p>\n<div><\/div>\n","protected":false},"excerpt":{"rendered":"<p>El Gobierno de Guatemala, a trav\u00e9s de la Comisi\u00f3n Presidencial por la Paz y los Derechos Humanos (COPADEH), en coordinaci\u00f3n con UNICEF Guatemala y con el acompa\u00f1amiento de la Gobernadora Departamental, impulsa el Taller de Socializaci\u00f3n de las Recomendaciones del Comit\u00e9 de los Derechos del Ni\u00f1o. El objetivo de esta jornada es fortalecer el compromiso [&hellip;]<\/p>\n","protected":false},"author":1,"featured_media":23136,"comment_status":"closed","ping_status":"open","sticky":false,"template":"","format":"gallery","meta":[],"categories":[183],"tags":[178],"_links":{"self":[{"href":"https:\/\/gobernacionaltaverapaz.gob.gt\/index.php?rest_route=\/wp\/v2\/posts\/23141"}],"collection":[{"href":"https:\/\/gobernacionaltaverapaz.gob.gt\/index.php?rest_route=\/wp\/v2\/posts"}],"about":[{"href":"https:\/\/gobernacionaltaverapaz.gob.gt\/index.php?rest_route=\/wp\/v2\/types\/post"}],"author":[{"embeddable":true,"href":"https:\/\/gobernacionaltaverapaz.gob.gt\/index.php?rest_route=\/wp\/v2\/users\/1"}],"replies":[{"embeddable":true,"href":"https:\/\/gobernacionaltaverapaz.gob.gt\/index.php?rest_route=%2Fwp%2Fv2%2Fcomments&post=23141"}],"version-history":[{"count":1,"href":"https:\/\/gobernacionaltaverapaz.gob.gt\/index.php?rest_route=\/wp\/v2\/posts\/23141\/revisions"}],"predecessor-version":[{"id":23142,"href":"https:\/\/gobernacionaltaverapaz.gob.gt\/index.php?rest_route=\/wp\/v2\/posts\/23141\/revisions\/23142"}],"wp:featuredmedia":[{"embeddable":true,"href":"https:\/\/gobernacionaltaverapaz.gob.gt\/index.php?rest_route=\/wp\/v2\/media\/23136"}],"wp:attachment":[{"href":"https:\/\/gobernacionaltaverapaz.gob.gt\/index.php?rest_route=%2Fwp%2Fv2%2Fmedia&parent=23141"}],"wp:term":[{"taxonomy":"category","embeddable":true,"href":"https:\/\/gobernacionaltaverapaz.gob.gt\/index.php?rest_route=%2Fwp%2Fv2%2Fcategories&post=23141"},{"taxonomy":"post_tag","embeddable":true,"href":"https:\/\/gobernacionaltaverapaz.gob.gt\/index.php?rest_route=%2Fwp%2Fv2%2Ftags&post=23141"}],"curies":[{"name":"wp","href":"https:\/\/api.w.org\/{rel}","templated":true}]}}