{"id":23182,"date":"2025-09-08T15:32:05","date_gmt":"2025-09-08T21:32:05","guid":{"rendered":"https:\/\/gobernacionaltaverapaz.gob.gt\/?p=23182"},"modified":"2025-11-07T11:16:29","modified_gmt":"2025-11-07T17:16:29","slug":"acto-civico-en-conmemoracion-del-dia-internacional-de-la-mujer-indigena","status":"publish","type":"post","link":"https:\/\/gobernacionaltaverapaz.gob.gt\/?p=23182","title":{"rendered":"Acto C\u00edvico en conmemoraci\u00f3n del D\u00eda Internacional de la Mujer Ind\u00edgena"},"content":{"rendered":"<div class=\"xdj266r x14z9mp xat24cr x1lziwak x1vvkbs x126k92a\">\n<div dir=\"auto\" style=\"text-align: justify;\">Hoy 08 de Septiembre, en la Plazuela del Parque Central La Paz, se llev\u00f3 a cabo el Acto C\u00edvico en conmemoraci\u00f3n del D\u00eda Internacional de la Mujer Ind\u00edgena, organizado por el E.O.U.N. No. 1 Felipa G\u00f3mez. Aunque esta importante fecha se recuerda oficialmente cada 5 de septiembre, la actividad se desarroll\u00f3 este d\u00eda como parte del cronograma de celebraciones por los 204 a\u00f1os de Independencia, Septiembre 2025.<\/div>\n<\/div>\n<div class=\"x14z9mp xat24cr x1lziwak x1vvkbs xtlvy1s x126k92a\">\n<div dir=\"auto\" style=\"text-align: justify;\">El evento estuvo acompa\u00f1ado por la participaci\u00f3n de diferentes establecimientos educativos, que presentaron canciones a la bandera, bailes y mensajes alusivos al D\u00eda Internacional de la Mujer Ind\u00edgena, resaltando la importancia de valorar el papel hist\u00f3rico, social y cultural de las mujeres que, desde sus comunidades, han contribuido a la construcci\u00f3n de un pa\u00eds m\u00e1s justo e incluyente.<\/div>\n<\/div>\n<p>&nbsp;<\/p>\n<p>&nbsp;<\/p>\n<div><\/div>\n","protected":false},"excerpt":{"rendered":"<p>Hoy 08 de Septiembre, en la Plazuela del Parque Central La Paz, se llev\u00f3 a cabo el Acto C\u00edvico en conmemoraci\u00f3n del D\u00eda Internacional de la Mujer Ind\u00edgena, organizado por el E.O.U.N. No. 1 Felipa G\u00f3mez. Aunque esta importante fecha se recuerda oficialmente cada 5 de septiembre, la actividad se desarroll\u00f3 este d\u00eda como parte [&hellip;]<\/p>\n","protected":false},"author":1,"featured_media":23170,"comment_status":"closed","ping_status":"open","sticky":false,"template":"","format":"gallery","meta":[],"categories":[183],"tags":[178],"_links":{"self":[{"href":"https:\/\/gobernacionaltaverapaz.gob.gt\/index.php?rest_route=\/wp\/v2\/posts\/23182"}],"collection":[{"href":"https:\/\/gobernacionaltaverapaz.gob.gt\/index.php?rest_route=\/wp\/v2\/posts"}],"about":[{"href":"https:\/\/gobernacionaltaverapaz.gob.gt\/index.php?rest_route=\/wp\/v2\/types\/post"}],"author":[{"embeddable":true,"href":"https:\/\/gobernacionaltaverapaz.gob.gt\/index.php?rest_route=\/wp\/v2\/users\/1"}],"replies":[{"embeddable":true,"href":"https:\/\/gobernacionaltaverapaz.gob.gt\/index.php?rest_route=%2Fwp%2Fv2%2Fcomments&post=23182"}],"version-history":[{"count":1,"href":"https:\/\/gobernacionaltaverapaz.gob.gt\/index.php?rest_route=\/wp\/v2\/posts\/23182\/revisions"}],"predecessor-version":[{"id":23183,"href":"https:\/\/gobernacionaltaverapaz.gob.gt\/index.php?rest_route=\/wp\/v2\/posts\/23182\/revisions\/23183"}],"wp:featuredmedia":[{"embeddable":true,"href":"https:\/\/gobernacionaltaverapaz.gob.gt\/index.php?rest_route=\/wp\/v2\/media\/23170"}],"wp:attachment":[{"href":"https:\/\/gobernacionaltaverapaz.gob.gt\/index.php?rest_route=%2Fwp%2Fv2%2Fmedia&parent=23182"}],"wp:term":[{"taxonomy":"category","embeddable":true,"href":"https:\/\/gobernacionaltaverapaz.gob.gt\/index.php?rest_route=%2Fwp%2Fv2%2Fcategories&post=23182"},{"taxonomy":"post_tag","embeddable":true,"href":"https:\/\/gobernacionaltaverapaz.gob.gt\/index.php?rest_route=%2Fwp%2Fv2%2Ftags&post=23182"}],"curies":[{"name":"wp","href":"https:\/\/api.w.org\/{rel}","templated":true}]}}