{"id":23196,"date":"2025-09-10T13:36:43","date_gmt":"2025-09-10T19:36:43","guid":{"rendered":"https:\/\/gobernacionaltaverapaz.gob.gt\/?p=23196"},"modified":"2025-11-07T11:31:25","modified_gmt":"2025-11-07T17:31:25","slug":"inauguracion-el-centro-tecnologico-rural-sostenible-ctrs","status":"publish","type":"post","link":"https:\/\/gobernacionaltaverapaz.gob.gt\/?p=23196","title":{"rendered":"Inauguraci\u00f3n el Centro Tecnol\u00f3gico Rural Sostenible (CTRS)"},"content":{"rendered":"<div class=\"xdj266r x14z9mp xat24cr x1lziwak x1vvkbs x126k92a\">\n<div dir=\"auto\" style=\"text-align: justify;\">El pasado martes 09 de septiembre, en la comunidad de Nuevo San Nicol\u00e1s, Senah\u00fa, Alta Verapaz, se inaugur\u00f3 el Centro Tecnol\u00f3gico Rural Sostenible (CTRS), un espacio destinado a fortalecer el aprendizaje, la innovaci\u00f3n y el desarrollo de la juventud.<\/div>\n<\/div>\n<div class=\"x14z9mp xat24cr x1lziwak x1vvkbs xtlvy1s x126k92a\" style=\"text-align: justify;\">\n<div dir=\"auto\">El acto reuni\u00f3 a m\u00e1s de 175 asistentes y cont\u00f3 con la participaci\u00f3n de la Gobernadora Departamental, Lcda. Dilia Margarita C\u00f3 Coy, el Alcalde Municipal de Senah\u00fa, autoridades del COCODE y la Junta Directiva del CTRS integrada por j\u00f3venes l\u00edderes.<\/div>\n<\/div>\n<div class=\"x14z9mp xat24cr x1lziwak x1vvkbs xtlvy1s x126k92a\" style=\"text-align: justify;\">\n<div dir=\"auto\">El proyecto Juventud Activa por la Paz implementado por <span class=\"html-span xdj266r x14z9mp xat24cr x1lziwak xexx8yu xyri2b x18d9i69 x1c1uobl x1hl2dhg x16tdsg8 x1vvkbs\"><a class=\"x1i10hfl xjbqb8w x1ejq31n x18oe1m7 x1sy0etr xstzfhl x972fbf x10w94by x1qhh985 x14e42zd x9f619 x1ypdohk xt0psk2 x3ct3a4 xdj266r x14z9mp xat24cr x1lziwak xexx8yu xyri2b x18d9i69 x1c1uobl x16tdsg8 x1hl2dhg xggy1nq x1a2a7pz xkrqix3 x1sur9pj x1fey0fg x1s688f\" tabindex=\"0\" role=\"link\" href=\"https:\/\/www.facebook.com\/drmercycorpsgt?__cft__[0]=AZWmMMvNbHpxOTUoOtfxU0tall1kgjjrEFUvZzquJGbJxsKPzkq5inAUwkbavl3f7AqhcL3Vwy5lJzHAqRJSFm16sGGRcfz2_HW4wXLNauHcwGzyBQUu6n0_yO4_SRb03b2HrwamHcqBj8ZD_bXgJVT8URLpCdI8FTB1CCant88jcQ&amp;__tn__=-]K-R\"><span class=\"xt0psk2\"><span class=\"xjp7ctv\">Mercy Corps &#8211; Guatemala<\/span><\/span><\/a><\/span>, <span class=\"html-span xdj266r x14z9mp xat24cr x1lziwak xexx8yu xyri2b x18d9i69 x1c1uobl x1hl2dhg x16tdsg8 x1vvkbs\"><a class=\"x1i10hfl xjbqb8w x1ejq31n x18oe1m7 x1sy0etr xstzfhl x972fbf x10w94by x1qhh985 x14e42zd x9f619 x1ypdohk xt0psk2 x3ct3a4 xdj266r x14z9mp xat24cr x1lziwak xexx8yu xyri2b x18d9i69 x1c1uobl x16tdsg8 x1hl2dhg xggy1nq x1a2a7pz xkrqix3 x1sur9pj x1fey0fg x1s688f\" tabindex=\"0\" role=\"link\" href=\"https:\/\/www.facebook.com\/adrigt.org?__cft__[0]=AZWmMMvNbHpxOTUoOtfxU0tall1kgjjrEFUvZzquJGbJxsKPzkq5inAUwkbavl3f7AqhcL3Vwy5lJzHAqRJSFm16sGGRcfz2_HW4wXLNauHcwGzyBQUu6n0_yO4_SRb03b2HrwamHcqBj8ZD_bXgJVT8URLpCdI8FTB1CCant88jcQ&amp;__tn__=-]K-R\"><span class=\"xt0psk2\"><span class=\"xjp7ctv\">ADRI Guatemala<\/span><\/span><\/a><\/span>, <span class=\"html-span xdj266r x14z9mp xat24cr x1lziwak xexx8yu xyri2b x18d9i69 x1c1uobl x1hl2dhg x16tdsg8 x1vvkbs\"><a class=\"x1i10hfl xjbqb8w x1ejq31n x18oe1m7 x1sy0etr xstzfhl x972fbf x10w94by x1qhh985 x14e42zd x9f619 x1ypdohk xt0psk2 x3ct3a4 xdj266r x14z9mp xat24cr x1lziwak xexx8yu xyri2b x18d9i69 x1c1uobl x16tdsg8 x1hl2dhg xggy1nq x1a2a7pz xkrqix3 x1sur9pj x1fey0fg x1s688f\" tabindex=\"0\" role=\"link\" href=\"https:\/\/www.facebook.com\/PazJovenGt?__cft__[0]=AZWmMMvNbHpxOTUoOtfxU0tall1kgjjrEFUvZzquJGbJxsKPzkq5inAUwkbavl3f7AqhcL3Vwy5lJzHAqRJSFm16sGGRcfz2_HW4wXLNauHcwGzyBQUu6n0_yO4_SRb03b2HrwamHcqBj8ZD_bXgJVT8URLpCdI8FTB1CCant88jcQ&amp;__tn__=-]K-R\"><span class=\"xt0psk2\"><span class=\"xjp7ctv\">Paz Joven Guatemala<\/span><\/span><\/a><\/span> y Fundaci\u00f3n Propaz, con el apoyo financiero del Fondo para la Consolidaci\u00f3n de la Paz de las Naciones Unidas en beneficio de las comunidades rurales.<\/div>\n<\/div>\n<div class=\"x14z9mp xat24cr x1lziwak x1vvkbs xtlvy1s x126k92a\">\n<div dir=\"auto\" style=\"text-align: justify;\">Con el corte simb\u00f3lico de la cinta y la bendici\u00f3n comunitaria, se marc\u00f3 el inicio de un camino de unidad, esperanza y compromiso con el desarrollo de Alta Verapaz.<\/div>\n<\/div>\n<p>&nbsp;<\/p>\n<p>&nbsp;<\/p>\n<div><\/div>\n<p>&nbsp;<\/p>\n","protected":false},"excerpt":{"rendered":"<p>El pasado martes 09 de septiembre, en la comunidad de Nuevo San Nicol\u00e1s, Senah\u00fa, Alta Verapaz, se inaugur\u00f3 el Centro Tecnol\u00f3gico Rural Sostenible (CTRS), un espacio destinado a fortalecer el aprendizaje, la innovaci\u00f3n y el desarrollo de la juventud. El acto reuni\u00f3 a m\u00e1s de 175 asistentes y cont\u00f3 con la participaci\u00f3n de la Gobernadora [&hellip;]<\/p>\n","protected":false},"author":1,"featured_media":23184,"comment_status":"closed","ping_status":"open","sticky":false,"template":"","format":"gallery","meta":[],"categories":[183],"tags":[178],"_links":{"self":[{"href":"https:\/\/gobernacionaltaverapaz.gob.gt\/index.php?rest_route=\/wp\/v2\/posts\/23196"}],"collection":[{"href":"https:\/\/gobernacionaltaverapaz.gob.gt\/index.php?rest_route=\/wp\/v2\/posts"}],"about":[{"href":"https:\/\/gobernacionaltaverapaz.gob.gt\/index.php?rest_route=\/wp\/v2\/types\/post"}],"author":[{"embeddable":true,"href":"https:\/\/gobernacionaltaverapaz.gob.gt\/index.php?rest_route=\/wp\/v2\/users\/1"}],"replies":[{"embeddable":true,"href":"https:\/\/gobernacionaltaverapaz.gob.gt\/index.php?rest_route=%2Fwp%2Fv2%2Fcomments&post=23196"}],"version-history":[{"count":1,"href":"https:\/\/gobernacionaltaverapaz.gob.gt\/index.php?rest_route=\/wp\/v2\/posts\/23196\/revisions"}],"predecessor-version":[{"id":23197,"href":"https:\/\/gobernacionaltaverapaz.gob.gt\/index.php?rest_route=\/wp\/v2\/posts\/23196\/revisions\/23197"}],"wp:featuredmedia":[{"embeddable":true,"href":"https:\/\/gobernacionaltaverapaz.gob.gt\/index.php?rest_route=\/wp\/v2\/media\/23184"}],"wp:attachment":[{"href":"https:\/\/gobernacionaltaverapaz.gob.gt\/index.php?rest_route=%2Fwp%2Fv2%2Fmedia&parent=23196"}],"wp:term":[{"taxonomy":"category","embeddable":true,"href":"https:\/\/gobernacionaltaverapaz.gob.gt\/index.php?rest_route=%2Fwp%2Fv2%2Fcategories&post=23196"},{"taxonomy":"post_tag","embeddable":true,"href":"https:\/\/gobernacionaltaverapaz.gob.gt\/index.php?rest_route=%2Fwp%2Fv2%2Ftags&post=23196"}],"curies":[{"name":"wp","href":"https:\/\/api.w.org\/{rel}","templated":true}]}}