{"id":23222,"date":"2025-09-12T15:31:06","date_gmt":"2025-09-12T21:31:06","guid":{"rendered":"https:\/\/gobernacionaltaverapaz.gob.gt\/?p=23222"},"modified":"2025-11-07T15:10:05","modified_gmt":"2025-11-07T21:10:05","slug":"presentacion-y-prevalidacion-de-la-actualizacion-de-la-politica-publica-departamental","status":"publish","type":"post","link":"https:\/\/gobernacionaltaverapaz.gob.gt\/?p=23222","title":{"rendered":"Presentaci\u00f3n y Prevalidaci\u00f3n de la Actualizaci\u00f3n de la Pol\u00edtica P\u00fablica Departamental"},"content":{"rendered":"<div class=\"xdj266r x14z9mp xat24cr x1lziwak x1vvkbs x126k92a\">\n<div dir=\"auto\" style=\"text-align: justify;\">Presentaci\u00f3n y Prevalidaci\u00f3n de la Actualizaci\u00f3n de la Pol\u00edtica P\u00fablica Departamental para la Atenci\u00f3n de la Conflictividad en Alta Verapaz y Protocolos Agrario, Social y Ambiental.<\/div>\n<\/div>\n<div class=\"x14z9mp xat24cr x1lziwak x1vvkbs xtlvy1s x126k92a\" style=\"text-align: justify;\">\n<div dir=\"auto\">Junto a la Comisi\u00f3n Departamental para la Atenci\u00f3n de la Conflictividad, se raliz\u00f3 la prevalidaci\u00f3n de la actualizaci\u00f3n de la Pol\u00edtica P\u00fablica Departamental y sus protocolos especializados (agrario, social y ambiental).<\/div>\n<\/div>\n<div class=\"x14z9mp xat24cr x1lziwak x1vvkbs xtlvy1s x126k92a\" style=\"text-align: justify;\">\n<div dir=\"auto\">Con este proceso se busca:<\/div>\n<div dir=\"auto\">\u00a0Fortalecer las capacidades institucionales para la gesti\u00f3n, resoluci\u00f3n, transformaci\u00f3n y atenci\u00f3n de crisis.<\/div>\n<div dir=\"auto\">\u00a0Mejorar la coordinaci\u00f3n entre instituciones y actores locales, asegurando procesos sostenibles en la atenci\u00f3n de conflictos.<\/div>\n<\/div>\n<div class=\"x14z9mp xat24cr x1lziwak x1vvkbs xtlvy1s x126k92a\" style=\"text-align: justify;\">\n<div dir=\"auto\">Este esfuerzo cuenta con la asistencia t\u00e9cnica del Proyecto Juventud Activa por la Paz, implementado por Mercy Corps, ADRI Guatemala, Paz Joven Guatemala y Fundaci\u00f3n Propaz, con el apoyo financiero del Fondo para la Consolidaci\u00f3n de la Paz de Naciones Unidas.<\/div>\n<\/div>\n<div class=\"x14z9mp xat24cr x1lziwak x1vvkbs xtlvy1s x126k92a\">\n<div dir=\"auto\" style=\"text-align: justify;\">Desde la Gobernaci\u00f3n reafirmamos nuestro compromiso con la construcci\u00f3n de comunidades m\u00e1s productivas, seguras y justas, impulsando una pol\u00edtica p\u00fablica alineada con las realidades actuales de Alta Verapaz.<\/div>\n<\/div>\n<p>&nbsp;<\/p>\n<p>&nbsp;<\/p>\n<p>&nbsp;<\/p>\n<div><\/div>\n","protected":false},"excerpt":{"rendered":"<p>Presentaci\u00f3n y Prevalidaci\u00f3n de la Actualizaci\u00f3n de la Pol\u00edtica P\u00fablica Departamental para la Atenci\u00f3n de la Conflictividad en Alta Verapaz y Protocolos Agrario, Social y Ambiental. Junto a la Comisi\u00f3n Departamental para la Atenci\u00f3n de la Conflictividad, se raliz\u00f3 la prevalidaci\u00f3n de la actualizaci\u00f3n de la Pol\u00edtica P\u00fablica Departamental y sus protocolos especializados (agrario, social [&hellip;]<\/p>\n","protected":false},"author":1,"featured_media":23212,"comment_status":"closed","ping_status":"open","sticky":false,"template":"","format":"gallery","meta":[],"categories":[183],"tags":[178],"_links":{"self":[{"href":"https:\/\/gobernacionaltaverapaz.gob.gt\/index.php?rest_route=\/wp\/v2\/posts\/23222"}],"collection":[{"href":"https:\/\/gobernacionaltaverapaz.gob.gt\/index.php?rest_route=\/wp\/v2\/posts"}],"about":[{"href":"https:\/\/gobernacionaltaverapaz.gob.gt\/index.php?rest_route=\/wp\/v2\/types\/post"}],"author":[{"embeddable":true,"href":"https:\/\/gobernacionaltaverapaz.gob.gt\/index.php?rest_route=\/wp\/v2\/users\/1"}],"replies":[{"embeddable":true,"href":"https:\/\/gobernacionaltaverapaz.gob.gt\/index.php?rest_route=%2Fwp%2Fv2%2Fcomments&post=23222"}],"version-history":[{"count":1,"href":"https:\/\/gobernacionaltaverapaz.gob.gt\/index.php?rest_route=\/wp\/v2\/posts\/23222\/revisions"}],"predecessor-version":[{"id":23223,"href":"https:\/\/gobernacionaltaverapaz.gob.gt\/index.php?rest_route=\/wp\/v2\/posts\/23222\/revisions\/23223"}],"wp:featuredmedia":[{"embeddable":true,"href":"https:\/\/gobernacionaltaverapaz.gob.gt\/index.php?rest_route=\/wp\/v2\/media\/23212"}],"wp:attachment":[{"href":"https:\/\/gobernacionaltaverapaz.gob.gt\/index.php?rest_route=%2Fwp%2Fv2%2Fmedia&parent=23222"}],"wp:term":[{"taxonomy":"category","embeddable":true,"href":"https:\/\/gobernacionaltaverapaz.gob.gt\/index.php?rest_route=%2Fwp%2Fv2%2Fcategories&post=23222"},{"taxonomy":"post_tag","embeddable":true,"href":"https:\/\/gobernacionaltaverapaz.gob.gt\/index.php?rest_route=%2Fwp%2Fv2%2Ftags&post=23222"}],"curies":[{"name":"wp","href":"https:\/\/api.w.org\/{rel}","templated":true}]}}