{"id":23234,"date":"2025-09-15T06:00:26","date_gmt":"2025-09-15T12:00:26","guid":{"rendered":"https:\/\/gobernacionaltaverapaz.gob.gt\/?p=23234"},"modified":"2025-11-07T15:38:22","modified_gmt":"2025-11-07T21:38:22","slug":"alta-verapaz-celebro-con-orgullo-patrio-la-izada-de-la-bandera-nacional-el-14-de-septiembre-en-coban","status":"publish","type":"post","link":"https:\/\/gobernacionaltaverapaz.gob.gt\/?p=23234","title":{"rendered":"Alta Verapaz celebr\u00f3 con orgullo patrio la izada de la Bandera Nacional el 14 de septiembre en Cob\u00e1n"},"content":{"rendered":"<div class=\"x14z9mp xat24cr x1lziwak x1vvkbs xtlvy1s x126k92a\">\n<div dir=\"auto\" style=\"text-align: justify;\">Se llev\u00f3 a cabo la solemne izada de la Bandera Nacional, s\u00edmbolo de unidad, dignidad y esperanza para todos los guatemaltecos.<\/div>\n<\/div>\n<div class=\"x14z9mp xat24cr x1lziwak x1vvkbs xtlvy1s x126k92a\" style=\"text-align: justify;\">\n<div dir=\"auto\">La actividad cont\u00f3 con la presencia de la Gobernadora Departamental Dilia Margarita C\u00f3 Coy, el se\u00f1or Alcalde Municipal, as\u00ed como delegados institucionales que acompa\u00f1aron a la ciudadan\u00eda en este momento de orgullo patrio.<\/div>\n<\/div>\n<div class=\"x14z9mp xat24cr x1lziwak x1vvkbs xtlvy1s x126k92a\" style=\"text-align: justify;\">\n<div dir=\"auto\">En el marco de esta conmemoraci\u00f3n, tambi\u00e9n celebramos a quienes con su esfuerzo nos inspiran:<\/div>\n<\/div>\n<div class=\"x14z9mp xat24cr x1lziwak x1vvkbs xtlvy1s x126k92a\" style=\"text-align: justify;\">\n<div dir=\"auto\">\u00a0Los atletas de baloncesto de Alta Verapaz, que con disciplina y trabajo en equipo han representado dignamente a nuestro departamento en competencias nacionales.<\/div>\n<\/div>\n<div class=\"x14z9mp xat24cr x1lziwak x1vvkbs xtlvy1s x126k92a\" style=\"text-align: justify;\">\n<div dir=\"auto\">Willy Nah\u00fam Pacay C\u00fa, estudiante del Instituto Emilio Rosales Ponce, quien se destac\u00f3 en matem\u00e1ticas, demostrando que la juventud verapacense es capaz de alcanzar logros acad\u00e9micos de gran relevancia.<\/div>\n<\/div>\n<div class=\"x14z9mp xat24cr x1lziwak x1vvkbs xtlvy1s x126k92a\">\n<div dir=\"auto\" style=\"text-align: justify;\">Estas expresiones de talento y compromiso reflejan la grandeza de nuestro pueblo. Alta Verapaz honra a su gente, a sus s\u00edmbolos y a sus tradiciones, reafirmando que el futuro de Guatemala se construye con educaci\u00f3n, deporte y el amor profundo a la patria.<\/div>\n<\/div>\n<p>&nbsp;<\/p>\n<p>&nbsp;<\/p>\n<div><\/div>\n","protected":false},"excerpt":{"rendered":"<p>Se llev\u00f3 a cabo la solemne izada de la Bandera Nacional, s\u00edmbolo de unidad, dignidad y esperanza para todos los guatemaltecos. La actividad cont\u00f3 con la presencia de la Gobernadora Departamental Dilia Margarita C\u00f3 Coy, el se\u00f1or Alcalde Municipal, as\u00ed como delegados institucionales que acompa\u00f1aron a la ciudadan\u00eda en este momento de orgullo patrio. En [&hellip;]<\/p>\n","protected":false},"author":1,"featured_media":23224,"comment_status":"closed","ping_status":"open","sticky":false,"template":"","format":"gallery","meta":[],"categories":[183],"tags":[178],"_links":{"self":[{"href":"https:\/\/gobernacionaltaverapaz.gob.gt\/index.php?rest_route=\/wp\/v2\/posts\/23234"}],"collection":[{"href":"https:\/\/gobernacionaltaverapaz.gob.gt\/index.php?rest_route=\/wp\/v2\/posts"}],"about":[{"href":"https:\/\/gobernacionaltaverapaz.gob.gt\/index.php?rest_route=\/wp\/v2\/types\/post"}],"author":[{"embeddable":true,"href":"https:\/\/gobernacionaltaverapaz.gob.gt\/index.php?rest_route=\/wp\/v2\/users\/1"}],"replies":[{"embeddable":true,"href":"https:\/\/gobernacionaltaverapaz.gob.gt\/index.php?rest_route=%2Fwp%2Fv2%2Fcomments&post=23234"}],"version-history":[{"count":1,"href":"https:\/\/gobernacionaltaverapaz.gob.gt\/index.php?rest_route=\/wp\/v2\/posts\/23234\/revisions"}],"predecessor-version":[{"id":23235,"href":"https:\/\/gobernacionaltaverapaz.gob.gt\/index.php?rest_route=\/wp\/v2\/posts\/23234\/revisions\/23235"}],"wp:featuredmedia":[{"embeddable":true,"href":"https:\/\/gobernacionaltaverapaz.gob.gt\/index.php?rest_route=\/wp\/v2\/media\/23224"}],"wp:attachment":[{"href":"https:\/\/gobernacionaltaverapaz.gob.gt\/index.php?rest_route=%2Fwp%2Fv2%2Fmedia&parent=23234"}],"wp:term":[{"taxonomy":"category","embeddable":true,"href":"https:\/\/gobernacionaltaverapaz.gob.gt\/index.php?rest_route=%2Fwp%2Fv2%2Fcategories&post=23234"},{"taxonomy":"post_tag","embeddable":true,"href":"https:\/\/gobernacionaltaverapaz.gob.gt\/index.php?rest_route=%2Fwp%2Fv2%2Ftags&post=23234"}],"curies":[{"name":"wp","href":"https:\/\/api.w.org\/{rel}","templated":true}]}}