{"id":23262,"date":"2025-09-17T18:05:16","date_gmt":"2025-09-18T00:05:16","guid":{"rendered":"https:\/\/gobernacionaltaverapaz.gob.gt\/?p=23262"},"modified":"2025-11-07T19:57:35","modified_gmt":"2025-11-08T01:57:35","slug":"reunion-entre-representantes-institucionales-y-la-comision-departamental-de-la-mujer-de-alta-verapaz","status":"publish","type":"post","link":"https:\/\/gobernacionaltaverapaz.gob.gt\/?p=23262","title":{"rendered":"Reuni\u00f3n entre representantes institucionales y la Comisi\u00f3n Departamental de la Mujer de Alta Verapaz"},"content":{"rendered":"<div class=\"xdj266r x14z9mp xat24cr x1lziwak x1vvkbs x126k92a\">\n<div dir=\"auto\" style=\"text-align: justify;\">El d\u00eda de hoy 17 de septiembre, se realiz\u00f3 una reuni\u00f3n entre representantes institucionales y la Comisi\u00f3n Departamental de la Mujer de Alta Verapaz, con el prop\u00f3sito de evaluar y actualizar la Pol\u00edtica P\u00fablica Departamental con enfoque de g\u00e9nero.<\/div>\n<\/div>\n<div class=\"x14z9mp xat24cr x1lziwak x1vvkbs xtlvy1s x126k92a\">\n<div dir=\"auto\" style=\"text-align: justify;\">Durante el encuentro se analizaron los avances y desaf\u00edos en la inclusi\u00f3n de las mujeres dentro del Sistema de Consejos de Desarrollo Urbano y Rural, fortaleciendo su participaci\u00f3n en los espacios de decisi\u00f3n y asegurando que sus aportes sean parte del proceso de planificaci\u00f3n y ejecuci\u00f3n del desarrollo en el territorio.<\/div>\n<\/div>\n<p>&nbsp;<\/p>\n<p>&nbsp;<\/p>\n<div><\/div>\n<p>&nbsp;<\/p>\n<div><\/div>\n<div><\/div>\n<div><\/div>\n","protected":false},"excerpt":{"rendered":"<p>El d\u00eda de hoy 17 de septiembre, se realiz\u00f3 una reuni\u00f3n entre representantes institucionales y la Comisi\u00f3n Departamental de la Mujer de Alta Verapaz, con el prop\u00f3sito de evaluar y actualizar la Pol\u00edtica P\u00fablica Departamental con enfoque de g\u00e9nero. Durante el encuentro se analizaron los avances y desaf\u00edos en la inclusi\u00f3n de las mujeres dentro [&hellip;]<\/p>\n","protected":false},"author":1,"featured_media":23254,"comment_status":"closed","ping_status":"open","sticky":false,"template":"","format":"gallery","meta":[],"categories":[183],"tags":[178],"_links":{"self":[{"href":"https:\/\/gobernacionaltaverapaz.gob.gt\/index.php?rest_route=\/wp\/v2\/posts\/23262"}],"collection":[{"href":"https:\/\/gobernacionaltaverapaz.gob.gt\/index.php?rest_route=\/wp\/v2\/posts"}],"about":[{"href":"https:\/\/gobernacionaltaverapaz.gob.gt\/index.php?rest_route=\/wp\/v2\/types\/post"}],"author":[{"embeddable":true,"href":"https:\/\/gobernacionaltaverapaz.gob.gt\/index.php?rest_route=\/wp\/v2\/users\/1"}],"replies":[{"embeddable":true,"href":"https:\/\/gobernacionaltaverapaz.gob.gt\/index.php?rest_route=%2Fwp%2Fv2%2Fcomments&post=23262"}],"version-history":[{"count":1,"href":"https:\/\/gobernacionaltaverapaz.gob.gt\/index.php?rest_route=\/wp\/v2\/posts\/23262\/revisions"}],"predecessor-version":[{"id":23263,"href":"https:\/\/gobernacionaltaverapaz.gob.gt\/index.php?rest_route=\/wp\/v2\/posts\/23262\/revisions\/23263"}],"wp:featuredmedia":[{"embeddable":true,"href":"https:\/\/gobernacionaltaverapaz.gob.gt\/index.php?rest_route=\/wp\/v2\/media\/23254"}],"wp:attachment":[{"href":"https:\/\/gobernacionaltaverapaz.gob.gt\/index.php?rest_route=%2Fwp%2Fv2%2Fmedia&parent=23262"}],"wp:term":[{"taxonomy":"category","embeddable":true,"href":"https:\/\/gobernacionaltaverapaz.gob.gt\/index.php?rest_route=%2Fwp%2Fv2%2Fcategories&post=23262"},{"taxonomy":"post_tag","embeddable":true,"href":"https:\/\/gobernacionaltaverapaz.gob.gt\/index.php?rest_route=%2Fwp%2Fv2%2Ftags&post=23262"}],"curies":[{"name":"wp","href":"https:\/\/api.w.org\/{rel}","templated":true}]}}