{"id":23280,"date":"2025-09-18T19:16:21","date_gmt":"2025-09-19T01:16:21","guid":{"rendered":"https:\/\/gobernacionaltaverapaz.gob.gt\/?p=23280"},"modified":"2025-11-07T20:24:42","modified_gmt":"2025-11-08T02:24:42","slug":"taller-regional-norte-de-socializacion-de-los-resultados-del-estudio-prospectivo","status":"publish","type":"post","link":"https:\/\/gobernacionaltaverapaz.gob.gt\/?p=23280","title":{"rendered":"Taller Regional Norte de Socializaci\u00f3n de los Resultados del Estudio Prospectivo"},"content":{"rendered":"<div class=\"xdj266r x14z9mp xat24cr x1lziwak x1vvkbs x126k92a\">\n<div dir=\"auto\" style=\"text-align: justify;\">El Consejo Econ\u00f3mico y Social de Guatemala (CES) realiz\u00f3 este 18 de septiembre, en el Centro de Formaci\u00f3n del INTECAP, el Taller Regional Norte de Socializaci\u00f3n de los Resultados del Estudio Prospectivo \u201cGuatemala 2050\u201d.<\/div>\n<\/div>\n<div class=\"x14z9mp xat24cr x1lziwak x1vvkbs xtlvy1s x126k92a\">\n<div dir=\"auto\" style=\"text-align: justify;\">La jornada incluy\u00f3 espacios de di\u00e1logo y participaci\u00f3n ciudadana orientados a fortalecer el dise\u00f1o de pol\u00edticas p\u00fablicas con visi\u00f3n de largo plazo. Durante el encuentro, representantes del CES compartieron los principales hallazgos del estudio, y se promovi\u00f3 la intervenci\u00f3n de actores locales para alinear propuestas con los Objetivos de Desarrollo Sostenible y las prioridades nacionales.<\/div>\n<\/div>\n<p>&nbsp;<\/p>\n<p>&nbsp;<\/p>\n<p>&nbsp;<\/p>\n<p>&nbsp;<\/p>\n<div><\/div>\n","protected":false},"excerpt":{"rendered":"<p>El Consejo Econ\u00f3mico y Social de Guatemala (CES) realiz\u00f3 este 18 de septiembre, en el Centro de Formaci\u00f3n del INTECAP, el Taller Regional Norte de Socializaci\u00f3n de los Resultados del Estudio Prospectivo \u201cGuatemala 2050\u201d. La jornada incluy\u00f3 espacios de di\u00e1logo y participaci\u00f3n ciudadana orientados a fortalecer el dise\u00f1o de pol\u00edticas p\u00fablicas con visi\u00f3n de largo [&hellip;]<\/p>\n","protected":false},"author":1,"featured_media":23270,"comment_status":"closed","ping_status":"open","sticky":false,"template":"","format":"gallery","meta":[],"categories":[183],"tags":[178],"_links":{"self":[{"href":"https:\/\/gobernacionaltaverapaz.gob.gt\/index.php?rest_route=\/wp\/v2\/posts\/23280"}],"collection":[{"href":"https:\/\/gobernacionaltaverapaz.gob.gt\/index.php?rest_route=\/wp\/v2\/posts"}],"about":[{"href":"https:\/\/gobernacionaltaverapaz.gob.gt\/index.php?rest_route=\/wp\/v2\/types\/post"}],"author":[{"embeddable":true,"href":"https:\/\/gobernacionaltaverapaz.gob.gt\/index.php?rest_route=\/wp\/v2\/users\/1"}],"replies":[{"embeddable":true,"href":"https:\/\/gobernacionaltaverapaz.gob.gt\/index.php?rest_route=%2Fwp%2Fv2%2Fcomments&post=23280"}],"version-history":[{"count":1,"href":"https:\/\/gobernacionaltaverapaz.gob.gt\/index.php?rest_route=\/wp\/v2\/posts\/23280\/revisions"}],"predecessor-version":[{"id":23281,"href":"https:\/\/gobernacionaltaverapaz.gob.gt\/index.php?rest_route=\/wp\/v2\/posts\/23280\/revisions\/23281"}],"wp:featuredmedia":[{"embeddable":true,"href":"https:\/\/gobernacionaltaverapaz.gob.gt\/index.php?rest_route=\/wp\/v2\/media\/23270"}],"wp:attachment":[{"href":"https:\/\/gobernacionaltaverapaz.gob.gt\/index.php?rest_route=%2Fwp%2Fv2%2Fmedia&parent=23280"}],"wp:term":[{"taxonomy":"category","embeddable":true,"href":"https:\/\/gobernacionaltaverapaz.gob.gt\/index.php?rest_route=%2Fwp%2Fv2%2Fcategories&post=23280"},{"taxonomy":"post_tag","embeddable":true,"href":"https:\/\/gobernacionaltaverapaz.gob.gt\/index.php?rest_route=%2Fwp%2Fv2%2Ftags&post=23280"}],"curies":[{"name":"wp","href":"https:\/\/api.w.org\/{rel}","templated":true}]}}