{"id":23292,"date":"2025-09-20T08:17:32","date_gmt":"2025-09-20T14:17:32","guid":{"rendered":"https:\/\/gobernacionaltaverapaz.gob.gt\/?p=23292"},"modified":"2025-11-07T20:33:42","modified_gmt":"2025-11-08T02:33:42","slug":"apertura-del-proceso-de-actualizacion-de-la-politica-nacional-de-promocion-y-desarrollo-integral-de-las-mujeres-2026-2041","status":"publish","type":"post","link":"https:\/\/gobernacionaltaverapaz.gob.gt\/?p=23292","title":{"rendered":"Apertura del proceso de actualizaci\u00f3n de la Pol\u00edtica Nacional de Promoci\u00f3n y Desarrollo Integral de las Mujeres 2026\u20132041"},"content":{"rendered":"<div class=\"xdj266r x14z9mp xat24cr x1lziwak x1vvkbs x126k92a\">\n<div dir=\"auto\" style=\"text-align: justify;\">Las mujeres de los pueblos Maya, Xinka, Gar\u00edfuna, Afrodescendiente y Mestizo fueron protagonistas en la apertura del proceso de actualizaci\u00f3n de la Pol\u00edtica Nacional de Promoci\u00f3n y Desarrollo Integral de las Mujeres 2026\u20132041, realizado en Alta Verapaz con la presencia de instituciones p\u00fablicas y organizaciones sociales.<\/div>\n<\/div>\n<div class=\"x14z9mp xat24cr x1lziwak x1vvkbs xtlvy1s x126k92a\" style=\"text-align: justify;\">\n<div dir=\"auto\">Durante la jornada, se compartieron expresiones culturales y saberes ancestrales, recordando a las generaciones que lucharon por la dignidad y abriendo camino a las que hoy demandan igualdad de oportunidades, acceso a servicios y participaci\u00f3n en los espacios de decisi\u00f3n.<\/div>\n<\/div>\n<div class=\"x14z9mp xat24cr x1lziwak x1vvkbs xtlvy1s x126k92a\">\n<div dir=\"auto\" style=\"text-align: justify;\">La Gobernadora Departamental reafirm\u00f3 que la PNPDIM ser\u00e1 una herramienta clave para orientar las acciones del Estado y la sociedad, con el compromiso de acompa\u00f1ar y dar seguimiento a este proceso que busca garantizar a todas las mujeres una vida libre de violencia y con justicia social.<\/div>\n<\/div>\n<p>&nbsp;<\/p>\n<p>&nbsp;<\/p>\n<p>&nbsp;<\/p>\n<div><\/div>\n","protected":false},"excerpt":{"rendered":"<p>Las mujeres de los pueblos Maya, Xinka, Gar\u00edfuna, Afrodescendiente y Mestizo fueron protagonistas en la apertura del proceso de actualizaci\u00f3n de la Pol\u00edtica Nacional de Promoci\u00f3n y Desarrollo Integral de las Mujeres 2026\u20132041, realizado en Alta Verapaz con la presencia de instituciones p\u00fablicas y organizaciones sociales. Durante la jornada, se compartieron expresiones culturales y saberes [&hellip;]<\/p>\n","protected":false},"author":1,"featured_media":23282,"comment_status":"closed","ping_status":"open","sticky":false,"template":"","format":"gallery","meta":[],"categories":[183],"tags":[178],"_links":{"self":[{"href":"https:\/\/gobernacionaltaverapaz.gob.gt\/index.php?rest_route=\/wp\/v2\/posts\/23292"}],"collection":[{"href":"https:\/\/gobernacionaltaverapaz.gob.gt\/index.php?rest_route=\/wp\/v2\/posts"}],"about":[{"href":"https:\/\/gobernacionaltaverapaz.gob.gt\/index.php?rest_route=\/wp\/v2\/types\/post"}],"author":[{"embeddable":true,"href":"https:\/\/gobernacionaltaverapaz.gob.gt\/index.php?rest_route=\/wp\/v2\/users\/1"}],"replies":[{"embeddable":true,"href":"https:\/\/gobernacionaltaverapaz.gob.gt\/index.php?rest_route=%2Fwp%2Fv2%2Fcomments&post=23292"}],"version-history":[{"count":1,"href":"https:\/\/gobernacionaltaverapaz.gob.gt\/index.php?rest_route=\/wp\/v2\/posts\/23292\/revisions"}],"predecessor-version":[{"id":23293,"href":"https:\/\/gobernacionaltaverapaz.gob.gt\/index.php?rest_route=\/wp\/v2\/posts\/23292\/revisions\/23293"}],"wp:featuredmedia":[{"embeddable":true,"href":"https:\/\/gobernacionaltaverapaz.gob.gt\/index.php?rest_route=\/wp\/v2\/media\/23282"}],"wp:attachment":[{"href":"https:\/\/gobernacionaltaverapaz.gob.gt\/index.php?rest_route=%2Fwp%2Fv2%2Fmedia&parent=23292"}],"wp:term":[{"taxonomy":"category","embeddable":true,"href":"https:\/\/gobernacionaltaverapaz.gob.gt\/index.php?rest_route=%2Fwp%2Fv2%2Fcategories&post=23292"},{"taxonomy":"post_tag","embeddable":true,"href":"https:\/\/gobernacionaltaverapaz.gob.gt\/index.php?rest_route=%2Fwp%2Fv2%2Ftags&post=23292"}],"curies":[{"name":"wp","href":"https:\/\/api.w.org\/{rel}","templated":true}]}}