{"id":23306,"date":"2025-09-21T20:59:25","date_gmt":"2025-09-22T02:59:25","guid":{"rendered":"https:\/\/gobernacionaltaverapaz.gob.gt\/?p=23306"},"modified":"2025-11-08T10:05:33","modified_gmt":"2025-11-08T16:05:33","slug":"convocatoria-para-organizar-y-planificar-acciones-de-prevencion-y-respuesta-en-el-departamento-de-alta-verapaz","status":"publish","type":"post","link":"https:\/\/gobernacionaltaverapaz.gob.gt\/?p=23306","title":{"rendered":"Convocatoria para organizar y planificar acciones de prevenci\u00f3n y respuesta en el departamento de Alta Verapaz"},"content":{"rendered":"<div class=\"xdj266r x14z9mp xat24cr x1lziwak x1vvkbs x126k92a\">\n<div dir=\"auto\" style=\"text-align: justify;\">Este domingo 21 de septiembre, las instituciones que conforman la Coordinadora Departamental para la Reducci\u00f3n de Desastres \u2013CODRED\u2013 se reunieron en sesi\u00f3n de trabajo, respondiendo a la convocatoria para organizar y planificar acciones de prevenci\u00f3n y respuesta en el departamento de Alta Verapaz.<\/div>\n<\/div>\n<div class=\"x14z9mp xat24cr x1lziwak x1vvkbs xtlvy1s x126k92a\" style=\"text-align: justify;\">\n<div dir=\"auto\">En la reuni\u00f3n participaron representantes del Ministerio de Salud P\u00fablica y Asistencia Social (MSPAS), SEGEPLAN, Ministerio de Desarrollo Social (MIDES), Sexta Brigada de Infanter\u00eda del Ej\u00e9rcito, Polic\u00eda Nacional Civil (PNC), Ministerio de Educaci\u00f3n (MINEDUC), Ministerio de Agricultura, Ganader\u00eda y Alimentaci\u00f3n (MAGA) y Secretar\u00eda de Obras Sociales de la Esposa del Presidente de la Rep\u00fablica de Guatemala (SOSEP). El an\u00e1lisis se realiz\u00f3 con base en los escenarios de riesgo entregados por la SE-CONRED en agosto, que se sustentan en registros de emergencias pasadas y en las proyecciones actuales.<\/div>\n<\/div>\n<div class=\"x14z9mp xat24cr x1lziwak x1vvkbs xtlvy1s x126k92a\" style=\"text-align: justify;\">\n<div dir=\"auto\">En el territorio se han experimentado cambios en el estado del tiempo, principalmente por el incremento de lluvias que han saturado el suelo, ocasionando inundaciones y deslizamientos de tierra. Para atender esta situaci\u00f3n, la SE-CONRED, en coordinaci\u00f3n con las municipalidades a trav\u00e9s de las COMRED y con el apoyo t\u00e9cnico del INSIVUMEH, mantiene un monitoreo constante con el prop\u00f3sito de anticipar riesgos y preparar medidas de prevenci\u00f3n y mitigaci\u00f3n en cada municipio.<\/div>\n<\/div>\n<div class=\"x14z9mp xat24cr x1lziwak x1vvkbs xtlvy1s x126k92a\" style=\"text-align: justify;\">\n<div dir=\"auto\">Hasta el momento se han coordinado apoyos en distintas comunidades, donde se han entregado ayudas humanitarias, se ha atendido a familias afectadas por deslizamientos y se ha trabajado en la remoci\u00f3n de escombros en carreteras, especialmente en la ruta del Polochic, con el respaldo de la Direcci\u00f3n General de Caminos de la Zona Vial 7.<\/div>\n<\/div>\n<div class=\"x14z9mp xat24cr x1lziwak x1vvkbs xtlvy1s x126k92a\">\n<div dir=\"auto\" style=\"text-align: justify;\">Las instituciones que integran la CODRED han reafirmado su compromiso de trabajar de manera conjunta para atender a la poblaci\u00f3n afectada y mantener habilitadas las v\u00edas de comunicaci\u00f3n. Como medida preventiva, se ha decretado la alerta amarilla en varias \u00e1reas del departamento, lo que permite a las instituciones estar preparadas y en apresto para actuar de inmediato ante cualquier eventualidad.<\/div>\n<\/div>\n<p>&nbsp;<\/p>\n<p>&nbsp;<\/p>\n<p>&nbsp;<\/p>\n<div><\/div>\n","protected":false},"excerpt":{"rendered":"<p>Este domingo 21 de septiembre, las instituciones que conforman la Coordinadora Departamental para la Reducci\u00f3n de Desastres \u2013CODRED\u2013 se reunieron en sesi\u00f3n de trabajo, respondiendo a la convocatoria para organizar y planificar acciones de prevenci\u00f3n y respuesta en el departamento de Alta Verapaz. En la reuni\u00f3n participaron representantes del Ministerio de Salud P\u00fablica y Asistencia [&hellip;]<\/p>\n","protected":false},"author":1,"featured_media":23299,"comment_status":"closed","ping_status":"open","sticky":false,"template":"","format":"gallery","meta":[],"categories":[183],"tags":[178],"_links":{"self":[{"href":"https:\/\/gobernacionaltaverapaz.gob.gt\/index.php?rest_route=\/wp\/v2\/posts\/23306"}],"collection":[{"href":"https:\/\/gobernacionaltaverapaz.gob.gt\/index.php?rest_route=\/wp\/v2\/posts"}],"about":[{"href":"https:\/\/gobernacionaltaverapaz.gob.gt\/index.php?rest_route=\/wp\/v2\/types\/post"}],"author":[{"embeddable":true,"href":"https:\/\/gobernacionaltaverapaz.gob.gt\/index.php?rest_route=\/wp\/v2\/users\/1"}],"replies":[{"embeddable":true,"href":"https:\/\/gobernacionaltaverapaz.gob.gt\/index.php?rest_route=%2Fwp%2Fv2%2Fcomments&post=23306"}],"version-history":[{"count":1,"href":"https:\/\/gobernacionaltaverapaz.gob.gt\/index.php?rest_route=\/wp\/v2\/posts\/23306\/revisions"}],"predecessor-version":[{"id":23307,"href":"https:\/\/gobernacionaltaverapaz.gob.gt\/index.php?rest_route=\/wp\/v2\/posts\/23306\/revisions\/23307"}],"wp:featuredmedia":[{"embeddable":true,"href":"https:\/\/gobernacionaltaverapaz.gob.gt\/index.php?rest_route=\/wp\/v2\/media\/23299"}],"wp:attachment":[{"href":"https:\/\/gobernacionaltaverapaz.gob.gt\/index.php?rest_route=%2Fwp%2Fv2%2Fmedia&parent=23306"}],"wp:term":[{"taxonomy":"category","embeddable":true,"href":"https:\/\/gobernacionaltaverapaz.gob.gt\/index.php?rest_route=%2Fwp%2Fv2%2Fcategories&post=23306"},{"taxonomy":"post_tag","embeddable":true,"href":"https:\/\/gobernacionaltaverapaz.gob.gt\/index.php?rest_route=%2Fwp%2Fv2%2Ftags&post=23306"}],"curies":[{"name":"wp","href":"https:\/\/api.w.org\/{rel}","templated":true}]}}