{"id":23328,"date":"2025-09-23T09:23:41","date_gmt":"2025-09-23T15:23:41","guid":{"rendered":"https:\/\/gobernacionaltaverapaz.gob.gt\/?p=23328"},"modified":"2025-11-08T10:33:28","modified_gmt":"2025-11-08T16:33:28","slug":"feria-agricola-2025","status":"publish","type":"post","link":"https:\/\/gobernacionaltaverapaz.gob.gt\/?p=23328","title":{"rendered":"Feria Agr\u00edcola 2025"},"content":{"rendered":"<div class=\"x14z9mp xat24cr x1lziwak x1vvkbs xtlvy1s x126k92a\">\n<div dir=\"auto\" style=\"text-align: justify;\">El pasado viernes 19 de septiembre se llev\u00f3 a cabo con gran \u00e9xito la Feria Agr\u00edcola, organizada por el Ministerio de Agricultura Ganader\u00eda y Alimentaci\u00f3n (MAGA), un espacio que reuni\u00f3 a m\u00e1s de 50 agricultores locales quienes ofrecieron lo mejor de sus productos: frutas, hortalizas, plantas nativas y medicinales.<\/div>\n<\/div>\n<div class=\"x14z9mp xat24cr x1lziwak x1vvkbs xtlvy1s x126k92a\" style=\"text-align: justify;\">\n<div dir=\"auto\">La feria cont\u00f3 con la participaci\u00f3n de aproximadamente 1,000 visitantes y compradores, generando un movimiento econ\u00f3mico de Q.5,039.00, lo cual fortalece la econom\u00eda familiar y promueve el consumo de productos frescos y locales.<\/div>\n<\/div>\n<div class=\"x14z9mp xat24cr x1lziwak x1vvkbs xtlvy1s x126k92a\" style=\"text-align: justify;\">\n<div dir=\"auto\">Como un apoyo especial de la Sede Departamental del MAGA, en los componentes de Hogar Rural, Mujer Juventud y Ni\u00f1ez se habilit\u00f3 una guarder\u00eda m\u00f3vil para que los hijos de los y las participantes, pudieran disfrutar de actividades recreativas mientras sus padres vend\u00edan y ofrec\u00edan tranquilamente sus productos.<\/div>\n<\/div>\n<div class=\"x14z9mp xat24cr x1lziwak x1vvkbs xtlvy1s x126k92a\" style=\"text-align: justify;\">\n<div dir=\"auto\">Adem\u00e1s, se vivi\u00f3 un ambiente de alegr\u00eda con actividades para ni\u00f1os, intercambio de saberes y la calidez de nuestra gente.<\/div>\n<\/div>\n<div class=\"x14z9mp xat24cr x1lziwak x1vvkbs xtlvy1s x126k92a\">\n<div dir=\"auto\" style=\"text-align: justify;\">Agradecemos a todos los agricultores, visitantes y organizadores que hicieron posible este evento.<\/div>\n<div dir=\"auto\"><\/div>\n<\/div>\n<div class=\"x14z9mp xat24cr x1lziwak x1vvkbs xtlvy1s x126k92a\">\n<div dir=\"auto\">\u00a1Sigamos apoyando a nuestros productores locales!<\/div>\n<\/div>\n<p>&nbsp;<\/p>\n<p>&nbsp;<\/p>\n<p>&nbsp;<\/p>\n<div><\/div>\n","protected":false},"excerpt":{"rendered":"<p>El pasado viernes 19 de septiembre se llev\u00f3 a cabo con gran \u00e9xito la Feria Agr\u00edcola, organizada por el Ministerio de Agricultura Ganader\u00eda y Alimentaci\u00f3n (MAGA), un espacio que reuni\u00f3 a m\u00e1s de 50 agricultores locales quienes ofrecieron lo mejor de sus productos: frutas, hortalizas, plantas nativas y medicinales. La feria cont\u00f3 con la participaci\u00f3n [&hellip;]<\/p>\n","protected":false},"author":1,"featured_media":23321,"comment_status":"closed","ping_status":"open","sticky":false,"template":"","format":"gallery","meta":[],"categories":[7],"tags":[178],"_links":{"self":[{"href":"https:\/\/gobernacionaltaverapaz.gob.gt\/index.php?rest_route=\/wp\/v2\/posts\/23328"}],"collection":[{"href":"https:\/\/gobernacionaltaverapaz.gob.gt\/index.php?rest_route=\/wp\/v2\/posts"}],"about":[{"href":"https:\/\/gobernacionaltaverapaz.gob.gt\/index.php?rest_route=\/wp\/v2\/types\/post"}],"author":[{"embeddable":true,"href":"https:\/\/gobernacionaltaverapaz.gob.gt\/index.php?rest_route=\/wp\/v2\/users\/1"}],"replies":[{"embeddable":true,"href":"https:\/\/gobernacionaltaverapaz.gob.gt\/index.php?rest_route=%2Fwp%2Fv2%2Fcomments&post=23328"}],"version-history":[{"count":1,"href":"https:\/\/gobernacionaltaverapaz.gob.gt\/index.php?rest_route=\/wp\/v2\/posts\/23328\/revisions"}],"predecessor-version":[{"id":23329,"href":"https:\/\/gobernacionaltaverapaz.gob.gt\/index.php?rest_route=\/wp\/v2\/posts\/23328\/revisions\/23329"}],"wp:featuredmedia":[{"embeddable":true,"href":"https:\/\/gobernacionaltaverapaz.gob.gt\/index.php?rest_route=\/wp\/v2\/media\/23321"}],"wp:attachment":[{"href":"https:\/\/gobernacionaltaverapaz.gob.gt\/index.php?rest_route=%2Fwp%2Fv2%2Fmedia&parent=23328"}],"wp:term":[{"taxonomy":"category","embeddable":true,"href":"https:\/\/gobernacionaltaverapaz.gob.gt\/index.php?rest_route=%2Fwp%2Fv2%2Fcategories&post=23328"},{"taxonomy":"post_tag","embeddable":true,"href":"https:\/\/gobernacionaltaverapaz.gob.gt\/index.php?rest_route=%2Fwp%2Fv2%2Ftags&post=23328"}],"curies":[{"name":"wp","href":"https:\/\/api.w.org\/{rel}","templated":true}]}}