{"id":23360,"date":"2025-09-26T20:14:44","date_gmt":"2025-09-27T02:14:44","guid":{"rendered":"https:\/\/gobernacionaltaverapaz.gob.gt\/?p=23360"},"modified":"2025-11-09T13:28:11","modified_gmt":"2025-11-09T19:28:11","slug":"compromiso-por-la-salud-desde-lo-local","status":"publish","type":"post","link":"https:\/\/gobernacionaltaverapaz.gob.gt\/?p=23360","title":{"rendered":"Protecci\u00f3n a nuestra ni\u00f1ez migrante"},"content":{"rendered":"<div class=\"x14z9mp xat24cr x1lziwak x1vvkbs xtlvy1s x126k92a\">\n<div dir=\"auto\" style=\"text-align: justify;\">\n<div class=\"x14z9mp xat24cr x1lziwak x1vvkbs xtlvy1s x126k92a\">\n<div dir=\"auto\">La Gobernadora Departamental Dilia Margarita C\u00f3 Coy particip\u00f3 en la reuni\u00f3n de la Comisi\u00f3n de Migrantes, presidida por el Diputado Miguel Ovalle, donde present\u00f3 los avances de Alta Verapaz en la atenci\u00f3n y protecci\u00f3n de la ni\u00f1ez migrante retornada.<\/div>\n<\/div>\n<div class=\"x14z9mp xat24cr x1lziwak x1vvkbs xtlvy1s x126k92a\">\n<div dir=\"auto\">Con este trabajo articulado se busca un retorno ordenado y seguro, priorizando la reunificaci\u00f3n familiar y el respeto de los derechos de nuestros ni\u00f1os y ni\u00f1as.<\/div>\n<\/div>\n<\/div>\n<\/div>\n<p>&nbsp;<\/p>\n<div><\/div>\n","protected":false},"excerpt":{"rendered":"<p>La Gobernadora Departamental Dilia Margarita C\u00f3 Coy particip\u00f3 en la reuni\u00f3n de la Comisi\u00f3n de Migrantes, presidida por el Diputado Miguel Ovalle, donde present\u00f3 los avances de Alta Verapaz en la atenci\u00f3n y protecci\u00f3n de la ni\u00f1ez migrante retornada. Con este trabajo articulado se busca un retorno ordenado y seguro, priorizando la reunificaci\u00f3n familiar y [&hellip;]<\/p>\n","protected":false},"author":1,"featured_media":23355,"comment_status":"closed","ping_status":"open","sticky":false,"template":"","format":"gallery","meta":[],"categories":[183],"tags":[178],"_links":{"self":[{"href":"https:\/\/gobernacionaltaverapaz.gob.gt\/index.php?rest_route=\/wp\/v2\/posts\/23360"}],"collection":[{"href":"https:\/\/gobernacionaltaverapaz.gob.gt\/index.php?rest_route=\/wp\/v2\/posts"}],"about":[{"href":"https:\/\/gobernacionaltaverapaz.gob.gt\/index.php?rest_route=\/wp\/v2\/types\/post"}],"author":[{"embeddable":true,"href":"https:\/\/gobernacionaltaverapaz.gob.gt\/index.php?rest_route=\/wp\/v2\/users\/1"}],"replies":[{"embeddable":true,"href":"https:\/\/gobernacionaltaverapaz.gob.gt\/index.php?rest_route=%2Fwp%2Fv2%2Fcomments&post=23360"}],"version-history":[{"count":2,"href":"https:\/\/gobernacionaltaverapaz.gob.gt\/index.php?rest_route=\/wp\/v2\/posts\/23360\/revisions"}],"predecessor-version":[{"id":23362,"href":"https:\/\/gobernacionaltaverapaz.gob.gt\/index.php?rest_route=\/wp\/v2\/posts\/23360\/revisions\/23362"}],"wp:featuredmedia":[{"embeddable":true,"href":"https:\/\/gobernacionaltaverapaz.gob.gt\/index.php?rest_route=\/wp\/v2\/media\/23355"}],"wp:attachment":[{"href":"https:\/\/gobernacionaltaverapaz.gob.gt\/index.php?rest_route=%2Fwp%2Fv2%2Fmedia&parent=23360"}],"wp:term":[{"taxonomy":"category","embeddable":true,"href":"https:\/\/gobernacionaltaverapaz.gob.gt\/index.php?rest_route=%2Fwp%2Fv2%2Fcategories&post=23360"},{"taxonomy":"post_tag","embeddable":true,"href":"https:\/\/gobernacionaltaverapaz.gob.gt\/index.php?rest_route=%2Fwp%2Fv2%2Ftags&post=23360"}],"curies":[{"name":"wp","href":"https:\/\/api.w.org\/{rel}","templated":true}]}}