{"id":23369,"date":"2025-09-26T20:46:12","date_gmt":"2025-09-27T02:46:12","guid":{"rendered":"https:\/\/gobernacionaltaverapaz.gob.gt\/?p=23369"},"modified":"2025-11-09T13:40:54","modified_gmt":"2025-11-09T19:40:54","slug":"compromiso-por-la-salud-desde-lo-local-2","status":"publish","type":"post","link":"https:\/\/gobernacionaltaverapaz.gob.gt\/?p=23369","title":{"rendered":"Compromiso por la salud desde lo local"},"content":{"rendered":"<div class=\"x14z9mp xat24cr x1lziwak x1vvkbs xtlvy1s x126k92a\">\n<div dir=\"auto\" style=\"text-align: justify;\">La Ciudad de Guatemala fue escenario de un evento hist\u00f3rico en el que se presentaron 19 Planes Municipales de Salud, fruto del liderazgo de alcald\u00edas, el acompa\u00f1amiento de los distritos municipales de salud y la activa participaci\u00f3n de la sociedad civil en Alta Verapaz, Chiquimula, Huehuetenango y la Regi\u00f3n Ixil de Quich\u00e9.<\/div>\n<\/div>\n<div class=\"x14z9mp xat24cr x1lziwak x1vvkbs xtlvy1s x126k92a\" style=\"text-align: justify;\">\n<div dir=\"auto\">La Gobernadora Departamental y el Director de Salud de Alta Verapaz participaron en esta jornada, coordinada por el Ministerio de Salud P\u00fablica y Asistencia Social, con el apoyo de la <span class=\"html-span xdj266r x14z9mp xat24cr x1lziwak xexx8yu xyri2b x18d9i69 x1c1uobl x1hl2dhg x16tdsg8 x1vvkbs\"><a class=\"x1i10hfl xjbqb8w x1ejq31n x18oe1m7 x1sy0etr xstzfhl x972fbf x10w94by x1qhh985 x14e42zd x9f619 x1ypdohk xt0psk2 x3ct3a4 xdj266r x14z9mp xat24cr x1lziwak xexx8yu xyri2b x18d9i69 x1c1uobl x16tdsg8 x1hl2dhg xggy1nq x1a2a7pz xkrqix3 x1sur9pj x1fey0fg x1s688f\" tabindex=\"0\" role=\"link\" href=\"https:\/\/www.facebook.com\/OPSOMSGuate?__cft__[0]=AZUm9Nzr4gy7z8RxrZglGEUnTIKK9G682r7h8soMSkOuc6g1TyHamqQzlbOLhfyQEszvWl6hx97mNdS7S5E2uxgNUVyKp6e__36fnJXkZbVIj4awjH2K7kUAJAy3c7WWd6jLtSIsqBlMdLTYqkEHUIZ2N-n83kEsz2TkMIQaAqGNig&amp;__tn__=-]K-R\"><span class=\"xt0psk2\"><span class=\"xjp7ctv\">OPS\/OMS GUATEMALA<\/span><\/span><\/a><\/span> y la <span class=\"html-span xdj266r x14z9mp xat24cr x1lziwak xexx8yu xyri2b x18d9i69 x1c1uobl x1hl2dhg x16tdsg8 x1vvkbs\"><a class=\"x1i10hfl xjbqb8w x1ejq31n x18oe1m7 x1sy0etr xstzfhl x972fbf x10w94by x1qhh985 x14e42zd x9f619 x1ypdohk xt0psk2 x3ct3a4 xdj266r x14z9mp xat24cr x1lziwak xexx8yu xyri2b x18d9i69 x1c1uobl x16tdsg8 x1hl2dhg xggy1nq x1a2a7pz xkrqix3 x1sur9pj x1fey0fg x1s688f\" tabindex=\"0\" role=\"link\" href=\"https:\/\/www.facebook.com\/UnionEuropeaEnGuatemala?__cft__[0]=AZUm9Nzr4gy7z8RxrZglGEUnTIKK9G682r7h8soMSkOuc6g1TyHamqQzlbOLhfyQEszvWl6hx97mNdS7S5E2uxgNUVyKp6e__36fnJXkZbVIj4awjH2K7kUAJAy3c7WWd6jLtSIsqBlMdLTYqkEHUIZ2N-n83kEsz2TkMIQaAqGNig&amp;__tn__=-]K-R\"><span class=\"xt0psk2\"><span class=\"xjp7ctv\">Uni\u00f3n Europea en Guatemala<\/span><\/span><\/a><\/span>, donde se dieron a conocer los resultados del Proyecto Atenci\u00f3n Primaria de Salud y Nutrici\u00f3n.<\/div>\n<\/div>\n<div class=\"x14z9mp xat24cr x1lziwak x1vvkbs xtlvy1s x126k92a\" style=\"text-align: justify;\">\n<div dir=\"auto\">El encuentro estuvo marcado por:<\/div>\n<\/div>\n<div class=\"x14z9mp xat24cr x1lziwak x1vvkbs xtlvy1s x126k92a\">\n<div dir=\"auto\" style=\"text-align: justify;\">\u00a0Intervenciones de alto nivel<\/div>\n<div dir=\"auto\" style=\"text-align: justify;\">\u00a0Un panel con autoridades locales y departamentales<\/div>\n<div dir=\"auto\" style=\"text-align: justify;\">\u00a0El lanzamiento simb\u00f3lico de los planes<\/div>\n<div dir=\"auto\" style=\"text-align: justify;\">\u00a0La participaci\u00f3n de gobernadores, alcaldes, concejales, distritos de salud y sociedad civil<\/div>\n<\/div>\n<p>&nbsp;<\/p>\n<p>&nbsp;<\/p>\n<div><\/div>\n","protected":false},"excerpt":{"rendered":"<p>La Ciudad de Guatemala fue escenario de un evento hist\u00f3rico en el que se presentaron 19 Planes Municipales de Salud, fruto del liderazgo de alcald\u00edas, el acompa\u00f1amiento de los distritos municipales de salud y la activa participaci\u00f3n de la sociedad civil en Alta Verapaz, Chiquimula, Huehuetenango y la Regi\u00f3n Ixil de Quich\u00e9. La Gobernadora Departamental [&hellip;]<\/p>\n","protected":false},"author":1,"featured_media":23363,"comment_status":"closed","ping_status":"open","sticky":false,"template":"","format":"gallery","meta":[],"categories":[183],"tags":[178],"_links":{"self":[{"href":"https:\/\/gobernacionaltaverapaz.gob.gt\/index.php?rest_route=\/wp\/v2\/posts\/23369"}],"collection":[{"href":"https:\/\/gobernacionaltaverapaz.gob.gt\/index.php?rest_route=\/wp\/v2\/posts"}],"about":[{"href":"https:\/\/gobernacionaltaverapaz.gob.gt\/index.php?rest_route=\/wp\/v2\/types\/post"}],"author":[{"embeddable":true,"href":"https:\/\/gobernacionaltaverapaz.gob.gt\/index.php?rest_route=\/wp\/v2\/users\/1"}],"replies":[{"embeddable":true,"href":"https:\/\/gobernacionaltaverapaz.gob.gt\/index.php?rest_route=%2Fwp%2Fv2%2Fcomments&post=23369"}],"version-history":[{"count":1,"href":"https:\/\/gobernacionaltaverapaz.gob.gt\/index.php?rest_route=\/wp\/v2\/posts\/23369\/revisions"}],"predecessor-version":[{"id":23370,"href":"https:\/\/gobernacionaltaverapaz.gob.gt\/index.php?rest_route=\/wp\/v2\/posts\/23369\/revisions\/23370"}],"wp:featuredmedia":[{"embeddable":true,"href":"https:\/\/gobernacionaltaverapaz.gob.gt\/index.php?rest_route=\/wp\/v2\/media\/23363"}],"wp:attachment":[{"href":"https:\/\/gobernacionaltaverapaz.gob.gt\/index.php?rest_route=%2Fwp%2Fv2%2Fmedia&parent=23369"}],"wp:term":[{"taxonomy":"category","embeddable":true,"href":"https:\/\/gobernacionaltaverapaz.gob.gt\/index.php?rest_route=%2Fwp%2Fv2%2Fcategories&post=23369"},{"taxonomy":"post_tag","embeddable":true,"href":"https:\/\/gobernacionaltaverapaz.gob.gt\/index.php?rest_route=%2Fwp%2Fv2%2Ftags&post=23369"}],"curies":[{"name":"wp","href":"https:\/\/api.w.org\/{rel}","templated":true}]}}