{"id":23403,"date":"2025-09-29T19:00:04","date_gmt":"2025-09-30T01:00:04","guid":{"rendered":"https:\/\/gobernacionaltaverapaz.gob.gt\/?p=23403"},"modified":"2025-11-09T14:05:12","modified_gmt":"2025-11-09T20:05:12","slug":"reunion-ordinaria-del-consejo-regional-de-desarrollo-urbano-y-rural","status":"publish","type":"post","link":"https:\/\/gobernacionaltaverapaz.gob.gt\/?p=23403","title":{"rendered":"Reuni\u00f3n Ordinaria del Consejo Regional de Desarrollo Urbano y Rural"},"content":{"rendered":"<div class=\"xdj266r x14z9mp xat24cr x1lziwak x1vvkbs x126k92a\">\n<div dir=\"auto\" style=\"text-align: justify;\">En el municipio de Cubulco, Baja Verapaz se llev\u00f3 a cabo la Reuni\u00f3n Ordinaria del Consejo Regional de Desarrollo Urbano y Rural \u2013 Regi\u00f3n Norte, con la participaci\u00f3n de representantes de los departamentos de Alta Verapaz y Baja Verapaz, en coordinaci\u00f3n con la Secretar\u00eda de Coordinaci\u00f3n Ejecutiva de la Presidencia (SCEP).<\/div>\n<\/div>\n<div class=\"x14z9mp xat24cr x1lziwak x1vvkbs xtlvy1s x126k92a\" style=\"text-align: justify;\">\n<div dir=\"auto\">\u00a0La jornada fue presidida por el Ing. Marvin Ariel G\u00f3mez, Presidente-Coordinador del Consejo, y cont\u00f3 con la participaci\u00f3n de la Inga. Alejandra Pivaral, Directora Ejecutiva Regional; el Ing. Erick Po\u00f3u, Ing. Erick Po\u00f3u, Secretario del Consejo Regional y delegado de SEGEPLAN. As\u00ed como los Directores Ejecutivos de los CODEDE de Alta y Baja Verapaz.<\/div>\n<\/div>\n<div class=\"x14z9mp xat24cr x1lziwak x1vvkbs xtlvy1s x126k92a\" style=\"text-align: justify;\">\n<div dir=\"auto\">\u00a0Tambi\u00e9n acompa\u00f1aron la reuni\u00f3n el Se\u00f1or Alcalde de la Municipal de Cubulco, Bayron Yobani Gonz\u00e1lez Garc\u00eda, la Gobernadora departamental de Alta Verapaz, Dilia Margarita C\u00f3 Coy, el Gobernador de Baja Verapaz, Mynor Alexander Ch\u00e9n Cuj\u00e1y. Como autoridades pol\u00edticas que respaldan el proceso de planificaci\u00f3n territorial y articulaci\u00f3n interinstitucional desde el territorio.<\/div>\n<\/div>\n<div class=\"x14z9mp xat24cr x1lziwak x1vvkbs xtlvy1s x126k92a\" style=\"text-align: justify;\">\n<div dir=\"auto\">\u00a0Durante la sesi\u00f3n se abordaron los siguientes puntos clave de la agenda:<\/div>\n<\/div>\n<div class=\"x14z9mp xat24cr x1lziwak x1vvkbs xtlvy1s x126k92a\" style=\"text-align: justify;\">\n<div dir=\"auto\">\u00a0Revisi\u00f3n de los acuerdos y compromisos de la reuni\u00f3n anterior.<\/div>\n<div dir=\"auto\">\u00a0Presentaci\u00f3n de la nueva visi\u00f3n del Consejo Regional de Desarrollo Regi\u00f3n Norte, orientada al fortalecimiento de la planificaci\u00f3n territorial con pertinencia.<\/div>\n<div dir=\"auto\">\u00a0Revisi\u00f3n y validaci\u00f3n de enmiendas a los proyectos para el ejercicio 2026, en funci\u00f3n de las necesidades locales.<\/div>\n<div dir=\"auto\">\u00a0An\u00e1lisis de los Puntos Resolutivos 07-2025, 08-2025 y 09-2025 del CONADUR, con implicaciones estrat\u00e9gicas para la gesti\u00f3n regional.<\/div>\n<div dir=\"auto\">\u00a0Exposici\u00f3n del Programa de Certificaci\u00f3n para los CODEDE, a cargo del INAP, como parte del fortalecimiento institucional.<\/div>\n<div dir=\"auto\">\u00a0Revisi\u00f3n de los avances f\u00edsicos y financieros de los proyectos ejecutados por los Consejos Departamentales de Desarrollo de Alta y Baja Verapaz.<\/div>\n<\/div>\n<div class=\"x14z9mp xat24cr x1lziwak x1vvkbs xtlvy1s x126k92a\">\n<div dir=\"auto\" style=\"text-align: justify;\">Esta reuni\u00f3n permiti\u00f3 articular esfuerzos t\u00e9cnicos y pol\u00edticos para asegurar que la inversi\u00f3n p\u00fablica en el norte del pa\u00eds responda a la priorizaci\u00f3n ciudadana y al desarrollo integral de los territorios.<\/div>\n<\/div>\n<p>&nbsp;<\/p>\n<p>&nbsp;<\/p>\n<div><\/div>\n","protected":false},"excerpt":{"rendered":"<p>En el municipio de Cubulco, Baja Verapaz se llev\u00f3 a cabo la Reuni\u00f3n Ordinaria del Consejo Regional de Desarrollo Urbano y Rural \u2013 Regi\u00f3n Norte, con la participaci\u00f3n de representantes de los departamentos de Alta Verapaz y Baja Verapaz, en coordinaci\u00f3n con la Secretar\u00eda de Coordinaci\u00f3n Ejecutiva de la Presidencia (SCEP). \u00a0La jornada fue presidida [&hellip;]<\/p>\n","protected":false},"author":1,"featured_media":23393,"comment_status":"closed","ping_status":"open","sticky":false,"template":"","format":"gallery","meta":[],"categories":[183],"tags":[178],"_links":{"self":[{"href":"https:\/\/gobernacionaltaverapaz.gob.gt\/index.php?rest_route=\/wp\/v2\/posts\/23403"}],"collection":[{"href":"https:\/\/gobernacionaltaverapaz.gob.gt\/index.php?rest_route=\/wp\/v2\/posts"}],"about":[{"href":"https:\/\/gobernacionaltaverapaz.gob.gt\/index.php?rest_route=\/wp\/v2\/types\/post"}],"author":[{"embeddable":true,"href":"https:\/\/gobernacionaltaverapaz.gob.gt\/index.php?rest_route=\/wp\/v2\/users\/1"}],"replies":[{"embeddable":true,"href":"https:\/\/gobernacionaltaverapaz.gob.gt\/index.php?rest_route=%2Fwp%2Fv2%2Fcomments&post=23403"}],"version-history":[{"count":1,"href":"https:\/\/gobernacionaltaverapaz.gob.gt\/index.php?rest_route=\/wp\/v2\/posts\/23403\/revisions"}],"predecessor-version":[{"id":23404,"href":"https:\/\/gobernacionaltaverapaz.gob.gt\/index.php?rest_route=\/wp\/v2\/posts\/23403\/revisions\/23404"}],"wp:featuredmedia":[{"embeddable":true,"href":"https:\/\/gobernacionaltaverapaz.gob.gt\/index.php?rest_route=\/wp\/v2\/media\/23393"}],"wp:attachment":[{"href":"https:\/\/gobernacionaltaverapaz.gob.gt\/index.php?rest_route=%2Fwp%2Fv2%2Fmedia&parent=23403"}],"wp:term":[{"taxonomy":"category","embeddable":true,"href":"https:\/\/gobernacionaltaverapaz.gob.gt\/index.php?rest_route=%2Fwp%2Fv2%2Fcategories&post=23403"},{"taxonomy":"post_tag","embeddable":true,"href":"https:\/\/gobernacionaltaverapaz.gob.gt\/index.php?rest_route=%2Fwp%2Fv2%2Ftags&post=23403"}],"curies":[{"name":"wp","href":"https:\/\/api.w.org\/{rel}","templated":true}]}}