{"id":23415,"date":"2025-09-30T11:41:46","date_gmt":"2025-09-30T17:41:46","guid":{"rendered":"https:\/\/gobernacionaltaverapaz.gob.gt\/?p=23415"},"modified":"2025-11-09T14:16:43","modified_gmt":"2025-11-09T20:16:43","slug":"reunion-ordinaria-del-codede-3","status":"publish","type":"post","link":"https:\/\/gobernacionaltaverapaz.gob.gt\/?p=23415","title":{"rendered":"Reuni\u00f3n ordinaria del CODEDE"},"content":{"rendered":"<div class=\"xdj266r x14z9mp xat24cr x1lziwak x1vvkbs x126k92a\">\n<div dir=\"auto\" style=\"text-align: justify;\">El pasado Viernes 26 de Septiembre, La Gobernadora Departamental Dilia Margarita C\u00f3 Coy, en su calidad de Presidenta del Consejo Departamental de Desarrollo de Alta Verapaz \u2013CODEDE\u2013, presidi\u00f3 la sesi\u00f3n ordinaria junto a los representantes de instituciones del Ejecutivo, alcaldes municipales y organizaciones de sociedad civil.<\/div>\n<\/div>\n<div class=\"x14z9mp xat24cr x1lziwak x1vvkbs xtlvy1s x126k92a\" style=\"text-align: justify;\">\n<div dir=\"auto\">Durante la reuni\u00f3n se aprobaron y conocieron temas estrat\u00e9gicos:<\/div>\n<\/div>\n<div class=\"x14z9mp xat24cr x1lziwak x1vvkbs xtlvy1s x126k92a\" style=\"text-align: justify;\">\n<div dir=\"auto\">\u00a0Avances del Programa de Certificaci\u00f3n en Alta Verapaz, presentados por el Instituto Nacional de Administraci\u00f3n P\u00fablica (INAP).<\/div>\n<div dir=\"auto\">\u00a0Informe sobre la actualizaci\u00f3n de la Pol\u00edtica P\u00fablica Departamental de Conflictividad, expuesto por la Gobernadora Departamental.<\/div>\n<div dir=\"auto\">\u00a0Presentaci\u00f3n de avances en procesos de delegaci\u00f3n departamental de SEGEPLAN, planificaci\u00f3n y preinversi\u00f3n.<\/div>\n<div dir=\"auto\">\u00a0Informe de los avances f\u00edsicos y financieros de los recursos ordinarios 2025 y recursos extraordinarios.<\/div>\n<div dir=\"auto\">\u00a0Conformaci\u00f3n de Mesas T\u00e9cnicas Municipales de Prevenci\u00f3n de Embarazos en Ni\u00f1as y Adolescentes, con el acompa\u00f1amiento del Ministerio de Salud, la Secretar\u00eda de Obras Sociales de la Esposa del Presidente y autoridades locales.<\/div>\n<\/div>\n<div class=\"x14z9mp xat24cr x1lziwak x1vvkbs xtlvy1s x126k92a\" style=\"text-align: justify;\">\n<div dir=\"auto\">Asimismo, se abordaron temas de apoyo a productores afectados por el desbordamiento del r\u00edo Polochic, atenci\u00f3n a la ni\u00f1ez y adolescencia migrante no acompa\u00f1ada, y la programaci\u00f3n de visitas t\u00e9cnicas municipales para fortalecer la planificaci\u00f3n del desarrollo local.<\/div>\n<\/div>\n<div class=\"x14z9mp xat24cr x1lziwak x1vvkbs xtlvy1s x126k92a\">\n<div dir=\"auto\" style=\"text-align: justify;\">Con estas acciones, el CODEDE de Alta Verapaz reafirma su compromiso de articular esfuerzos interinstitucionales y municipales, garantizando la ejecuci\u00f3n transparente de los recursos y la atenci\u00f3n de problem\u00e1ticas prioritarias en beneficio de las familias altaverapacenses.<\/div>\n<\/div>\n<p>&nbsp;<\/p>\n<p>&nbsp;<\/p>\n<p>&nbsp;<\/p>\n<div><\/div>\n","protected":false},"excerpt":{"rendered":"<p>El pasado Viernes 26 de Septiembre, La Gobernadora Departamental Dilia Margarita C\u00f3 Coy, en su calidad de Presidenta del Consejo Departamental de Desarrollo de Alta Verapaz \u2013CODEDE\u2013, presidi\u00f3 la sesi\u00f3n ordinaria junto a los representantes de instituciones del Ejecutivo, alcaldes municipales y organizaciones de sociedad civil. Durante la reuni\u00f3n se aprobaron y conocieron temas estrat\u00e9gicos: [&hellip;]<\/p>\n","protected":false},"author":1,"featured_media":23405,"comment_status":"closed","ping_status":"open","sticky":false,"template":"","format":"gallery","meta":[],"categories":[183],"tags":[178],"_links":{"self":[{"href":"https:\/\/gobernacionaltaverapaz.gob.gt\/index.php?rest_route=\/wp\/v2\/posts\/23415"}],"collection":[{"href":"https:\/\/gobernacionaltaverapaz.gob.gt\/index.php?rest_route=\/wp\/v2\/posts"}],"about":[{"href":"https:\/\/gobernacionaltaverapaz.gob.gt\/index.php?rest_route=\/wp\/v2\/types\/post"}],"author":[{"embeddable":true,"href":"https:\/\/gobernacionaltaverapaz.gob.gt\/index.php?rest_route=\/wp\/v2\/users\/1"}],"replies":[{"embeddable":true,"href":"https:\/\/gobernacionaltaverapaz.gob.gt\/index.php?rest_route=%2Fwp%2Fv2%2Fcomments&post=23415"}],"version-history":[{"count":1,"href":"https:\/\/gobernacionaltaverapaz.gob.gt\/index.php?rest_route=\/wp\/v2\/posts\/23415\/revisions"}],"predecessor-version":[{"id":23416,"href":"https:\/\/gobernacionaltaverapaz.gob.gt\/index.php?rest_route=\/wp\/v2\/posts\/23415\/revisions\/23416"}],"wp:featuredmedia":[{"embeddable":true,"href":"https:\/\/gobernacionaltaverapaz.gob.gt\/index.php?rest_route=\/wp\/v2\/media\/23405"}],"wp:attachment":[{"href":"https:\/\/gobernacionaltaverapaz.gob.gt\/index.php?rest_route=%2Fwp%2Fv2%2Fmedia&parent=23415"}],"wp:term":[{"taxonomy":"category","embeddable":true,"href":"https:\/\/gobernacionaltaverapaz.gob.gt\/index.php?rest_route=%2Fwp%2Fv2%2Fcategories&post=23415"},{"taxonomy":"post_tag","embeddable":true,"href":"https:\/\/gobernacionaltaverapaz.gob.gt\/index.php?rest_route=%2Fwp%2Fv2%2Ftags&post=23415"}],"curies":[{"name":"wp","href":"https:\/\/api.w.org\/{rel}","templated":true}]}}