{"id":23427,"date":"2025-10-02T22:24:25","date_gmt":"2025-10-03T04:24:25","guid":{"rendered":"https:\/\/gobernacionaltaverapaz.gob.gt\/?p=23427"},"modified":"2025-11-09T14:22:32","modified_gmt":"2025-11-09T20:22:32","slug":"dialogo-territorial-de-la-causa-nacional-con-y-por-personas-con-discapacidad-area-norte","status":"publish","type":"post","link":"https:\/\/gobernacionaltaverapaz.gob.gt\/?p=23427","title":{"rendered":"Di\u00e1logo Territorial de la Causa Nacional con y por Personas con Discapacidad \u2013 \u00c1rea Norte"},"content":{"rendered":"<div class=\"x14z9mp xat24cr x1lziwak x1vvkbs xtlvy1s x126k92a\">\n<div dir=\"auto\" style=\"text-align: justify;\">En Cob\u00e1n, Alta Verapaz, se desarroll\u00f3 el Di\u00e1logo Territorial de la Causa Nacional con y por Personas con Discapacidad, un espacio orientado a reducir brechas y garantizar el acceso a derechos y servicios para las personas con discapacidad.<\/div>\n<\/div>\n<div class=\"x14z9mp xat24cr x1lziwak x1vvkbs xtlvy1s x126k92a\" style=\"text-align: justify;\">\n<div dir=\"auto\">La actividad cont\u00f3 con la presencia de la Gobernadora Departamental de Alta Verapaz, Dilia Margarita C\u00f3 Coy, el Gobernador Departamental de Baja Verapaz, Mynor Alexander Ch\u00e9n Cuj\u00e1, y la Primera Dama de Guatemala, Doctora Lucrecia Peinado, quienes reafirmaron su compromiso con la inclusi\u00f3n y la dignidad de todas las personas.<\/div>\n<\/div>\n<div class=\"x14z9mp xat24cr x1lziwak x1vvkbs xtlvy1s x126k92a\">\n<div dir=\"auto\" style=\"text-align: justify;\">Tambi\u00e9n participaron instituciones nacionales e internacionales como el CONADI, el Fondo de Poblaci\u00f3n de Naciones Unidas (UNFPA), investigadores y facilitadores.<\/div>\n<div dir=\"auto\" style=\"text-align: justify;\"><\/div>\n<div dir=\"auto\" style=\"text-align: justify;\">Desde la Gobernaci\u00f3n Departamental de Alta Verapaz seguimos trabajando de manera articulada para construir un pa\u00eds m\u00e1s inclusivo, justo y solidario.<\/div>\n<\/div>\n<p>&nbsp;<\/p>\n<p>&nbsp;<\/p>\n<div><\/div>\n","protected":false},"excerpt":{"rendered":"<p>En Cob\u00e1n, Alta Verapaz, se desarroll\u00f3 el Di\u00e1logo Territorial de la Causa Nacional con y por Personas con Discapacidad, un espacio orientado a reducir brechas y garantizar el acceso a derechos y servicios para las personas con discapacidad. La actividad cont\u00f3 con la presencia de la Gobernadora Departamental de Alta Verapaz, Dilia Margarita C\u00f3 Coy, [&hellip;]<\/p>\n","protected":false},"author":1,"featured_media":23417,"comment_status":"closed","ping_status":"open","sticky":false,"template":"","format":"gallery","meta":[],"categories":[183],"tags":[178],"_links":{"self":[{"href":"https:\/\/gobernacionaltaverapaz.gob.gt\/index.php?rest_route=\/wp\/v2\/posts\/23427"}],"collection":[{"href":"https:\/\/gobernacionaltaverapaz.gob.gt\/index.php?rest_route=\/wp\/v2\/posts"}],"about":[{"href":"https:\/\/gobernacionaltaverapaz.gob.gt\/index.php?rest_route=\/wp\/v2\/types\/post"}],"author":[{"embeddable":true,"href":"https:\/\/gobernacionaltaverapaz.gob.gt\/index.php?rest_route=\/wp\/v2\/users\/1"}],"replies":[{"embeddable":true,"href":"https:\/\/gobernacionaltaverapaz.gob.gt\/index.php?rest_route=%2Fwp%2Fv2%2Fcomments&post=23427"}],"version-history":[{"count":1,"href":"https:\/\/gobernacionaltaverapaz.gob.gt\/index.php?rest_route=\/wp\/v2\/posts\/23427\/revisions"}],"predecessor-version":[{"id":23428,"href":"https:\/\/gobernacionaltaverapaz.gob.gt\/index.php?rest_route=\/wp\/v2\/posts\/23427\/revisions\/23428"}],"wp:featuredmedia":[{"embeddable":true,"href":"https:\/\/gobernacionaltaverapaz.gob.gt\/index.php?rest_route=\/wp\/v2\/media\/23417"}],"wp:attachment":[{"href":"https:\/\/gobernacionaltaverapaz.gob.gt\/index.php?rest_route=%2Fwp%2Fv2%2Fmedia&parent=23427"}],"wp:term":[{"taxonomy":"category","embeddable":true,"href":"https:\/\/gobernacionaltaverapaz.gob.gt\/index.php?rest_route=%2Fwp%2Fv2%2Fcategories&post=23427"},{"taxonomy":"post_tag","embeddable":true,"href":"https:\/\/gobernacionaltaverapaz.gob.gt\/index.php?rest_route=%2Fwp%2Fv2%2Ftags&post=23427"}],"curies":[{"name":"wp","href":"https:\/\/api.w.org\/{rel}","templated":true}]}}