{"id":23435,"date":"2025-10-02T22:35:39","date_gmt":"2025-10-03T04:35:39","guid":{"rendered":"https:\/\/gobernacionaltaverapaz.gob.gt\/?p=23435"},"modified":"2025-11-09T14:29:42","modified_gmt":"2025-11-09T20:29:42","slug":"academia-de-policia-en-la-ciudad-de-guatemala-y-que-han-sido-designados-para-el-departamento-de-alta-verapaz","status":"publish","type":"post","link":"https:\/\/gobernacionaltaverapaz.gob.gt\/?p=23435","title":{"rendered":"Academia de Polic\u00eda en la ciudad de Guatemala y que han sido designados para el departamento de Alta Verapaz"},"content":{"rendered":"<div class=\"xdj266r x14z9mp xat24cr x1lziwak x1vvkbs x126k92a\">\n<div dir=\"auto\" style=\"text-align: justify;\">Durante la tarde de este jueves 2 de octubre la gobernadora Dilia Margarita Co Coy le dio la bienvenida en un acto protocolario a los nuevos elementos de la Polic\u00eda Nacional civil que recientemente egresaron de La Academia de Polic\u00eda en la ciudad de Guatemala y que han sido designados para el departamento de Alta Verapaz.<\/div>\n<\/div>\n<div class=\"x14z9mp xat24cr x1lziwak x1vvkbs xtlvy1s x126k92a\" style=\"text-align: justify;\">\n<div dir=\"auto\">Con esta incorporaci\u00f3n en Alta Verapaz se cumple con el compromiso de fortalecer y garantizar m\u00e1s seguridad para la poblaci\u00f3n de todo el departamento.<\/div>\n<\/div>\n<div class=\"x14z9mp xat24cr x1lziwak x1vvkbs xtlvy1s x126k92a\" style=\"text-align: justify;\">\n<div dir=\"auto\">Durante el acto protocolario el comisario Luis Fernando P\u00e9rez se dirigi\u00f3 a los nuevos elementos para motivarlos a cumplir con su deber en los diferentes municipios del departamento.<\/div>\n<\/div>\n<div class=\"x14z9mp xat24cr x1lziwak x1vvkbs xtlvy1s x126k92a\" style=\"text-align: justify;\">\n<div dir=\"auto\">Tambi\u00e9n tuvo un espacio de participaci\u00f3n la licenciada Marina Novales Figueroa Asesora Estrat\u00e9gica Territorial de la Comisi\u00f3n Nacional Contra la Corrupci\u00f3n para Alta Verapaz, comparti\u00f3 un mensaje a los nuevos agentes para desempe\u00f1ar un trabajo con integridad y \u00e9tica como mecanismo contra la corrupci\u00f3n.<\/div>\n<\/div>\n<div class=\"x14z9mp xat24cr x1lziwak x1vvkbs xtlvy1s x126k92a\">\n<div dir=\"auto\" style=\"text-align: justify;\">El pasado 29 de septiembre el presidente Bernardo Ar\u00e9valo encabez\u00f3 el acto de graduaci\u00f3n los nuevos agentes, incorporados a la Polic\u00eda Nacional Civil (PNC) que suma una fuerza de 45 mil uniformados responsables de la seguridad p\u00fablica de Guatemala.<\/div>\n<\/div>\n<p>&nbsp;<\/p>\n<p>&nbsp;<\/p>\n<div><\/div>\n","protected":false},"excerpt":{"rendered":"<p>Durante la tarde de este jueves 2 de octubre la gobernadora Dilia Margarita Co Coy le dio la bienvenida en un acto protocolario a los nuevos elementos de la Polic\u00eda Nacional civil que recientemente egresaron de La Academia de Polic\u00eda en la ciudad de Guatemala y que han sido designados para el departamento de Alta [&hellip;]<\/p>\n","protected":false},"author":1,"featured_media":23429,"comment_status":"closed","ping_status":"open","sticky":false,"template":"","format":"gallery","meta":[],"categories":[183],"tags":[178],"_links":{"self":[{"href":"https:\/\/gobernacionaltaverapaz.gob.gt\/index.php?rest_route=\/wp\/v2\/posts\/23435"}],"collection":[{"href":"https:\/\/gobernacionaltaverapaz.gob.gt\/index.php?rest_route=\/wp\/v2\/posts"}],"about":[{"href":"https:\/\/gobernacionaltaverapaz.gob.gt\/index.php?rest_route=\/wp\/v2\/types\/post"}],"author":[{"embeddable":true,"href":"https:\/\/gobernacionaltaverapaz.gob.gt\/index.php?rest_route=\/wp\/v2\/users\/1"}],"replies":[{"embeddable":true,"href":"https:\/\/gobernacionaltaverapaz.gob.gt\/index.php?rest_route=%2Fwp%2Fv2%2Fcomments&post=23435"}],"version-history":[{"count":1,"href":"https:\/\/gobernacionaltaverapaz.gob.gt\/index.php?rest_route=\/wp\/v2\/posts\/23435\/revisions"}],"predecessor-version":[{"id":23436,"href":"https:\/\/gobernacionaltaverapaz.gob.gt\/index.php?rest_route=\/wp\/v2\/posts\/23435\/revisions\/23436"}],"wp:featuredmedia":[{"embeddable":true,"href":"https:\/\/gobernacionaltaverapaz.gob.gt\/index.php?rest_route=\/wp\/v2\/media\/23429"}],"wp:attachment":[{"href":"https:\/\/gobernacionaltaverapaz.gob.gt\/index.php?rest_route=%2Fwp%2Fv2%2Fmedia&parent=23435"}],"wp:term":[{"taxonomy":"category","embeddable":true,"href":"https:\/\/gobernacionaltaverapaz.gob.gt\/index.php?rest_route=%2Fwp%2Fv2%2Fcategories&post=23435"},{"taxonomy":"post_tag","embeddable":true,"href":"https:\/\/gobernacionaltaverapaz.gob.gt\/index.php?rest_route=%2Fwp%2Fv2%2Ftags&post=23435"}],"curies":[{"name":"wp","href":"https:\/\/api.w.org\/{rel}","templated":true}]}}