{"id":23463,"date":"2025-10-07T11:32:04","date_gmt":"2025-10-07T17:32:04","guid":{"rendered":"https:\/\/gobernacionaltaverapaz.gob.gt\/?p=23463"},"modified":"2025-11-09T14:54:39","modified_gmt":"2025-11-09T20:54:39","slug":"xii-juegos-deportivos-centroamericanos-guatemala-2025","status":"publish","type":"post","link":"https:\/\/gobernacionaltaverapaz.gob.gt\/?p=23463","title":{"rendered":"XII Juegos Deportivos Centroamericanos Guatemala 2025."},"content":{"rendered":"<div class=\"xdj266r x14z9mp xat24cr x1lziwak x1vvkbs x126k92a\">\n<div dir=\"auto\" style=\"text-align: justify;\">Este s\u00e1bado 4 de octubre, Cob\u00e1n vivi\u00f3 un momento hist\u00f3rico al recibir la Llama Centroamericana, s\u00edmbolo de unidad y hermandad entre los pueblos del istmo, en el marco de los XII Juegos Deportivos Centroamericanos Guatemala 2025.<\/div>\n<\/div>\n<div class=\"x14z9mp xat24cr x1lziwak x1vvkbs xtlvy1s x126k92a\" style=\"text-align: justify;\">\n<div dir=\"auto\">La Gobernadora Departamental de Alta Verapaz, Dilia Margarita C\u00f3 Coy, junto al alcalde municipal de Cob\u00e1n, Felipe Pop, encabezaron la ceremonia de recepci\u00f3n, en la que el fuego fue entregado por los atletas ol\u00edmpicos Erick Barrondo y Mirna Ortiz a la licenciada Claudia Rivera representante del Comit\u00e9 Ol\u00edmpico Guatemalteco , y posteriormente a las autoridades locales.<\/div>\n<\/div>\n<div class=\"x14z9mp xat24cr x1lziwak x1vvkbs xtlvy1s x126k92a\" style=\"text-align: justify;\">\n<div dir=\"auto\">El evento cont\u00f3 con la participaci\u00f3n de los atletas que participar\u00e1n en diferentes disciplinas deportivas en representaci\u00f3n de Alta Verapaz, tambi\u00e9n estuvo amenizado por la Banda del Centro Don Bosco de San Pedro Carcha y la intervenci\u00f3n del grupo cultural Amigos de Marimba.<\/div>\n<\/div>\n<div class=\"x14z9mp xat24cr x1lziwak x1vvkbs xtlvy1s x126k92a\" style=\"text-align: justify;\">\n<div dir=\"auto\">La Llama, encendida el 10 de julio en el sitio patrimonial arqueol\u00f3gico de Mixco Viejo, recorri\u00f3 los pa\u00edses de la regi\u00f3n antes de llegar a las tierras Alta Verapaz.<\/div>\n<\/div>\n<div class=\"x14z9mp xat24cr x1lziwak x1vvkbs xtlvy1s x126k92a\" style=\"text-align: justify;\">\n<div dir=\"auto\">En su mensaje, la Gobernadora C\u00f3 Coy destac\u00f3 el orgullo de recibir este s\u00edmbolo como mujer maya poqomchi\u2019, resaltando c\u00f3mo las ra\u00edces milenarias de los pueblos originarios se enlazan con el esp\u00edritu deportivo que une a Centroam\u00e9rica.<\/div>\n<\/div>\n<div class=\"x14z9mp xat24cr x1lziwak x1vvkbs xtlvy1s x126k92a\" style=\"text-align: justify;\">\n<div dir=\"auto\">Alta Verapaz ser\u00e1 escenario de la media marat\u00f3n de los Juegos Centroamericanos, mostrando al mundo la hospitalidad y grandeza de su gente.<\/div>\n<\/div>\n<div class=\"x14z9mp xat24cr x1lziwak x1vvkbs xtlvy1s x126k92a\" style=\"text-align: justify;\">\n<div dir=\"auto\">En este contexto, se rindi\u00f3 homenaje a tres referentes del deporte guatemalteco que inspiran con su ejemplo: Erick Barrondo, medalla de plata en Londres 2012; Adriana Ruano, oro en Par\u00eds 2024; y Jean Pierre Brol, bronce en Par\u00eds 2024. Su esfuerzo abre camino a las nuevas generaciones que sue\u00f1an con los Juegos Ol\u00edmpicos de Los \u00c1ngeles 2028.<\/div>\n<\/div>\n<div class=\"x14z9mp xat24cr x1lziwak x1vvkbs xtlvy1s x126k92a\">\n<div dir=\"auto\" style=\"text-align: justify;\">\u201cQue esta llama centroamericana ilumine nuestro compromiso con el deporte, con la paz y con la unidad de los pueblos. Bienvenidos a Alta Verapaz, bienvenidos a Cob\u00e1n, donde la calidez de nuestra gente se une al fuego sagrado de la hermandad centroamericana\u201d, expres\u00f3 la Gobernadora Departamental.<\/div>\n<\/div>\n<p>&nbsp;<\/p>\n<p>&nbsp;<\/p>\n<div><\/div>\n","protected":false},"excerpt":{"rendered":"<p>Este s\u00e1bado 4 de octubre, Cob\u00e1n vivi\u00f3 un momento hist\u00f3rico al recibir la Llama Centroamericana, s\u00edmbolo de unidad y hermandad entre los pueblos del istmo, en el marco de los XII Juegos Deportivos Centroamericanos Guatemala 2025. La Gobernadora Departamental de Alta Verapaz, Dilia Margarita C\u00f3 Coy, junto al alcalde municipal de Cob\u00e1n, Felipe Pop, encabezaron [&hellip;]<\/p>\n","protected":false},"author":1,"featured_media":23457,"comment_status":"closed","ping_status":"open","sticky":false,"template":"","format":"gallery","meta":[],"categories":[177],"tags":[178],"_links":{"self":[{"href":"https:\/\/gobernacionaltaverapaz.gob.gt\/index.php?rest_route=\/wp\/v2\/posts\/23463"}],"collection":[{"href":"https:\/\/gobernacionaltaverapaz.gob.gt\/index.php?rest_route=\/wp\/v2\/posts"}],"about":[{"href":"https:\/\/gobernacionaltaverapaz.gob.gt\/index.php?rest_route=\/wp\/v2\/types\/post"}],"author":[{"embeddable":true,"href":"https:\/\/gobernacionaltaverapaz.gob.gt\/index.php?rest_route=\/wp\/v2\/users\/1"}],"replies":[{"embeddable":true,"href":"https:\/\/gobernacionaltaverapaz.gob.gt\/index.php?rest_route=%2Fwp%2Fv2%2Fcomments&post=23463"}],"version-history":[{"count":1,"href":"https:\/\/gobernacionaltaverapaz.gob.gt\/index.php?rest_route=\/wp\/v2\/posts\/23463\/revisions"}],"predecessor-version":[{"id":23464,"href":"https:\/\/gobernacionaltaverapaz.gob.gt\/index.php?rest_route=\/wp\/v2\/posts\/23463\/revisions\/23464"}],"wp:featuredmedia":[{"embeddable":true,"href":"https:\/\/gobernacionaltaverapaz.gob.gt\/index.php?rest_route=\/wp\/v2\/media\/23457"}],"wp:attachment":[{"href":"https:\/\/gobernacionaltaverapaz.gob.gt\/index.php?rest_route=%2Fwp%2Fv2%2Fmedia&parent=23463"}],"wp:term":[{"taxonomy":"category","embeddable":true,"href":"https:\/\/gobernacionaltaverapaz.gob.gt\/index.php?rest_route=%2Fwp%2Fv2%2Fcategories&post=23463"},{"taxonomy":"post_tag","embeddable":true,"href":"https:\/\/gobernacionaltaverapaz.gob.gt\/index.php?rest_route=%2Fwp%2Fv2%2Ftags&post=23463"}],"curies":[{"name":"wp","href":"https:\/\/api.w.org\/{rel}","templated":true}]}}