{"id":23476,"date":"2025-10-08T12:14:56","date_gmt":"2025-10-08T18:14:56","guid":{"rendered":"https:\/\/gobernacionaltaverapaz.gob.gt\/?p=23476"},"modified":"2025-11-10T11:02:09","modified_gmt":"2025-11-10T17:02:09","slug":"alta-verapaz-declara-alerta-anaranjada-departamental","status":"publish","type":"post","link":"https:\/\/gobernacionaltaverapaz.gob.gt\/?p=23476","title":{"rendered":"Alta Verapaz Declara Alerta Anaranjada Departamental"},"content":{"rendered":"<div class=\"x14z9mp xat24cr x1lziwak x1vvkbs xtlvy1s x126k92a\">\n<div dir=\"auto\" style=\"text-align: justify;\">La Coordinadora Departamental para la Reducci\u00f3n de Desastres (CODRED) de Alta Verapaz declar\u00f3 Alerta Anaranjada Departamental, en seguimiento a la alerta emitida a nivel nacional por SE-CONRED y con base en las condiciones espec\u00edficas del territorio.<\/div>\n<\/div>\n<div class=\"x14z9mp xat24cr x1lziwak x1vvkbs xtlvy1s x126k92a\" style=\"text-align: justify;\">\n<div dir=\"auto\">La decisi\u00f3n se tom\u00f3 debido a la saturaci\u00f3n de suelos, las lluvias constantes, el reporte de deslizamientos, afectaci\u00f3n a cultivos.<\/div>\n<\/div>\n<div class=\"x14z9mp xat24cr x1lziwak x1vvkbs xtlvy1s x126k92a\" style=\"text-align: justify;\">\n<div dir=\"auto\">Las instituciones que conforman el Sistema CONRED han activado acciones de respuesta, albergues temporales, evaluaci\u00f3n de da\u00f1os y entrega de asistencia humanitaria para atender a las comunidades m\u00e1s vulnerables.<\/div>\n<\/div>\n<div class=\"x14z9mp xat24cr x1lziwak x1vvkbs xtlvy1s x126k92a\">\n<div dir=\"auto\" style=\"text-align: justify;\">Desde la Gobernaci\u00f3n Departamental reiteramos nuestro compromiso de coordinaci\u00f3n y trabajo conjunto para salvaguardar la vida de las familias altaverapacenses.<\/div>\n<\/div>\n<p>&nbsp;<\/p>\n<p>&nbsp;<\/p>\n<div><\/div>\n","protected":false},"excerpt":{"rendered":"<p>La Coordinadora Departamental para la Reducci\u00f3n de Desastres (CODRED) de Alta Verapaz declar\u00f3 Alerta Anaranjada Departamental, en seguimiento a la alerta emitida a nivel nacional por SE-CONRED y con base en las condiciones espec\u00edficas del territorio. La decisi\u00f3n se tom\u00f3 debido a la saturaci\u00f3n de suelos, las lluvias constantes, el reporte de deslizamientos, afectaci\u00f3n a [&hellip;]<\/p>\n","protected":false},"author":1,"featured_media":23471,"comment_status":"closed","ping_status":"open","sticky":false,"template":"","format":"gallery","meta":[],"categories":[183],"tags":[178],"_links":{"self":[{"href":"https:\/\/gobernacionaltaverapaz.gob.gt\/index.php?rest_route=\/wp\/v2\/posts\/23476"}],"collection":[{"href":"https:\/\/gobernacionaltaverapaz.gob.gt\/index.php?rest_route=\/wp\/v2\/posts"}],"about":[{"href":"https:\/\/gobernacionaltaverapaz.gob.gt\/index.php?rest_route=\/wp\/v2\/types\/post"}],"author":[{"embeddable":true,"href":"https:\/\/gobernacionaltaverapaz.gob.gt\/index.php?rest_route=\/wp\/v2\/users\/1"}],"replies":[{"embeddable":true,"href":"https:\/\/gobernacionaltaverapaz.gob.gt\/index.php?rest_route=%2Fwp%2Fv2%2Fcomments&post=23476"}],"version-history":[{"count":1,"href":"https:\/\/gobernacionaltaverapaz.gob.gt\/index.php?rest_route=\/wp\/v2\/posts\/23476\/revisions"}],"predecessor-version":[{"id":23477,"href":"https:\/\/gobernacionaltaverapaz.gob.gt\/index.php?rest_route=\/wp\/v2\/posts\/23476\/revisions\/23477"}],"wp:featuredmedia":[{"embeddable":true,"href":"https:\/\/gobernacionaltaverapaz.gob.gt\/index.php?rest_route=\/wp\/v2\/media\/23471"}],"wp:attachment":[{"href":"https:\/\/gobernacionaltaverapaz.gob.gt\/index.php?rest_route=%2Fwp%2Fv2%2Fmedia&parent=23476"}],"wp:term":[{"taxonomy":"category","embeddable":true,"href":"https:\/\/gobernacionaltaverapaz.gob.gt\/index.php?rest_route=%2Fwp%2Fv2%2Fcategories&post=23476"},{"taxonomy":"post_tag","embeddable":true,"href":"https:\/\/gobernacionaltaverapaz.gob.gt\/index.php?rest_route=%2Fwp%2Fv2%2Ftags&post=23476"}],"curies":[{"name":"wp","href":"https:\/\/api.w.org\/{rel}","templated":true}]}}