{"id":23500,"date":"2025-10-09T16:05:13","date_gmt":"2025-10-09T22:05:13","guid":{"rendered":"https:\/\/gobernacionaltaverapaz.gob.gt\/?p=23500"},"modified":"2025-11-10T11:35:17","modified_gmt":"2025-11-10T17:35:17","slug":"alta-verapaz-aporta-diseno-con-identidad","status":"publish","type":"post","link":"https:\/\/gobernacionaltaverapaz.gob.gt\/?p=23500","title":{"rendered":"Alta Verapaz aporta dise\u00f1o con identidad"},"content":{"rendered":"<div class=\"x14z9mp xat24cr x1lziwak x1vvkbs xtlvy1s x126k92a\">\n<div dir=\"auto\" style=\"text-align: justify;\">Este d\u00eda vivimos una jornada enriquecedora en el marco del Tour Artesanal 2025: Guatemala Dise\u00f1a con las Manos, junto a la Gobernadora Departamental Dilia Margarita C\u00f3 Coy y destacadas representantes de la Asociaci\u00f3n Nu\u2019 Kem, Asociaci\u00f3n de Tejedoras B\u2019atz y la Cooperativa Ixoq Aj Kemool.<\/div>\n<\/div>\n<div class=\"x14z9mp xat24cr x1lziwak x1vvkbs xtlvy1s x126k92a\" style=\"text-align: justify;\">\n<div dir=\"auto\">Fue un espacio de di\u00e1logo y construcci\u00f3n colectiva, donde las artesanas compartieron ideas clave para los festivales de dise\u00f1o del 2026. Sus propuestas reflejan la fuerza creativa que nace desde los territorios y que transforma la cultura en oportunidad de desarrollo.<\/div>\n<\/div>\n<div class=\"x14z9mp xat24cr x1lziwak x1vvkbs xtlvy1s x126k92a\">\n<div dir=\"auto\" style=\"text-align: justify;\">Seguimos abriendo espacios donde las tradiciones y los saberes de nuestros pueblos sean protagonistas del presente y del futuro.<\/div>\n<\/div>\n<p>&nbsp;<\/p>\n<p>&nbsp;<\/p>\n<div><\/div>\n","protected":false},"excerpt":{"rendered":"<p>Este d\u00eda vivimos una jornada enriquecedora en el marco del Tour Artesanal 2025: Guatemala Dise\u00f1a con las Manos, junto a la Gobernadora Departamental Dilia Margarita C\u00f3 Coy y destacadas representantes de la Asociaci\u00f3n Nu\u2019 Kem, Asociaci\u00f3n de Tejedoras B\u2019atz y la Cooperativa Ixoq Aj Kemool. Fue un espacio de di\u00e1logo y construcci\u00f3n colectiva, donde las [&hellip;]<\/p>\n","protected":false},"author":1,"featured_media":23493,"comment_status":"closed","ping_status":"open","sticky":false,"template":"","format":"gallery","meta":[],"categories":[183],"tags":[178],"_links":{"self":[{"href":"https:\/\/gobernacionaltaverapaz.gob.gt\/index.php?rest_route=\/wp\/v2\/posts\/23500"}],"collection":[{"href":"https:\/\/gobernacionaltaverapaz.gob.gt\/index.php?rest_route=\/wp\/v2\/posts"}],"about":[{"href":"https:\/\/gobernacionaltaverapaz.gob.gt\/index.php?rest_route=\/wp\/v2\/types\/post"}],"author":[{"embeddable":true,"href":"https:\/\/gobernacionaltaverapaz.gob.gt\/index.php?rest_route=\/wp\/v2\/users\/1"}],"replies":[{"embeddable":true,"href":"https:\/\/gobernacionaltaverapaz.gob.gt\/index.php?rest_route=%2Fwp%2Fv2%2Fcomments&post=23500"}],"version-history":[{"count":1,"href":"https:\/\/gobernacionaltaverapaz.gob.gt\/index.php?rest_route=\/wp\/v2\/posts\/23500\/revisions"}],"predecessor-version":[{"id":23501,"href":"https:\/\/gobernacionaltaverapaz.gob.gt\/index.php?rest_route=\/wp\/v2\/posts\/23500\/revisions\/23501"}],"wp:featuredmedia":[{"embeddable":true,"href":"https:\/\/gobernacionaltaverapaz.gob.gt\/index.php?rest_route=\/wp\/v2\/media\/23493"}],"wp:attachment":[{"href":"https:\/\/gobernacionaltaverapaz.gob.gt\/index.php?rest_route=%2Fwp%2Fv2%2Fmedia&parent=23500"}],"wp:term":[{"taxonomy":"category","embeddable":true,"href":"https:\/\/gobernacionaltaverapaz.gob.gt\/index.php?rest_route=%2Fwp%2Fv2%2Fcategories&post=23500"},{"taxonomy":"post_tag","embeddable":true,"href":"https:\/\/gobernacionaltaverapaz.gob.gt\/index.php?rest_route=%2Fwp%2Fv2%2Ftags&post=23500"}],"curies":[{"name":"wp","href":"https:\/\/api.w.org\/{rel}","templated":true}]}}