{"id":23512,"date":"2025-10-15T20:38:41","date_gmt":"2025-10-16T02:38:41","guid":{"rendered":"https:\/\/gobernacionaltaverapaz.gob.gt\/?p=23512"},"modified":"2025-11-10T11:45:08","modified_gmt":"2025-11-10T17:45:08","slug":"primer-encuentro-departamental-de-mujeres-rurales-y-tejedoras","status":"publish","type":"post","link":"https:\/\/gobernacionaltaverapaz.gob.gt\/?p=23512","title":{"rendered":"Primer Encuentro Departamental de Mujeres Rurales y Tejedoras"},"content":{"rendered":"<div class=\"x14z9mp xat24cr x1lziwak x1vvkbs xtlvy1s x126k92a\">\n<div dir=\"auto\" style=\"text-align: justify;\">En el marco del D\u00eda Internacional de la Mujer Rural, la Gobernaci\u00f3n Departamental de Alta Verapaz, junto a instituciones aliadas, acompa\u00f1\u00f3 la realizaci\u00f3n del Primer Encuentro Departamental de Mujeres Rurales y Tejedoras.<\/div>\n<\/div>\n<div class=\"x14z9mp xat24cr x1lziwak x1vvkbs xtlvy1s x126k92a\" style=\"text-align: justify;\">\n<div dir=\"auto\">Este espacio permiti\u00f3 visibilizar el liderazgo, la sabidur\u00eda ancestral y el aporte invaluable de las mujeres ind\u00edgenas y rurales en la construcci\u00f3n de un desarrollo sostenible para Guatemala.<\/div>\n<\/div>\n<div class=\"x14z9mp xat24cr x1lziwak x1vvkbs xtlvy1s x126k92a\" style=\"text-align: justify;\">\n<div dir=\"auto\">Durante la jornada, se fortalecieron las redes de mujeres tejedoras de los diferentes municipios de Alta Verapaz, reafirmando el valor del tejido proteger la propiedad intelectual colectiva y garantizando la transmisi\u00f3n de conocimientos ancestrales a las nuevas generaciones.<\/div>\n<\/div>\n<div class=\"x14z9mp xat24cr x1lziwak x1vvkbs xtlvy1s x126k92a\">\n<div dir=\"auto\" style=\"text-align: justify;\">Con el apoyo del Instituto Guatemalteco de Turismo \u2013 <span class=\"html-span xdj266r x14z9mp xat24cr x1lziwak xexx8yu xyri2b x18d9i69 x1c1uobl x1hl2dhg x16tdsg8 x1vvkbs\"><a class=\"x1i10hfl xjbqb8w x1ejq31n x18oe1m7 x1sy0etr xstzfhl x972fbf x10w94by x1qhh985 x14e42zd x9f619 x1ypdohk xt0psk2 x3ct3a4 xdj266r x14z9mp xat24cr x1lziwak xexx8yu xyri2b x18d9i69 x1c1uobl x16tdsg8 x1hl2dhg xggy1nq x1a2a7pz xkrqix3 x1sur9pj x1fey0fg x1s688f\" tabindex=\"0\" role=\"link\" href=\"https:\/\/www.facebook.com\/inguatoficial?__cft__[0]=AZUb_aVZa0oxYysLsn_nKeT9tSyKBXfx6FsAg-7LxBiNU5-5F_ipSqx1jVVSIFC6Y3HCbzWDmfF66O7vN-0KEYj2mj5d54VOQjXPbiAUBlDmUyb3Gyg1jTOPLFstgFSHFVsyTq6-boattrejy7mZik17-1PYmYOm5xnlnmX9yZRwRJA9Tv-UENzgLUNlY8SfCso&amp;__tn__=-]K-R\"><span class=\"xt0psk2\"><span class=\"xjp7ctv\">INGUAT<\/span><\/span><\/a><\/span>, la <span class=\"html-span xdj266r x14z9mp xat24cr x1lziwak xexx8yu xyri2b x18d9i69 x1c1uobl x1hl2dhg x16tdsg8 x1vvkbs\"><a class=\"x1i10hfl xjbqb8w x1ejq31n x18oe1m7 x1sy0etr xstzfhl x972fbf x10w94by x1qhh985 x14e42zd x9f619 x1ypdohk xt0psk2 x3ct3a4 xdj266r x14z9mp xat24cr x1lziwak xexx8yu xyri2b x18d9i69 x1c1uobl x16tdsg8 x1hl2dhg xggy1nq x1a2a7pz xkrqix3 x1sur9pj x1fey0fg x1s688f\" tabindex=\"0\" role=\"link\" href=\"https:\/\/www.facebook.com\/SantaCruzVerapazAV?__cft__[0]=AZUb_aVZa0oxYysLsn_nKeT9tSyKBXfx6FsAg-7LxBiNU5-5F_ipSqx1jVVSIFC6Y3HCbzWDmfF66O7vN-0KEYj2mj5d54VOQjXPbiAUBlDmUyb3Gyg1jTOPLFstgFSHFVsyTq6-boattrejy7mZik17-1PYmYOm5xnlnmX9yZRwRJA9Tv-UENzgLUNlY8SfCso&amp;__tn__=-]K-R\"><span class=\"xt0psk2\"><span class=\"xjp7ctv\">Muni Santa Cruz Verapaz<\/span><\/span><\/a><\/span>, la Red de Mujeres Tejedoras y el <span class=\"html-span xdj266r x14z9mp xat24cr x1lziwak xexx8yu xyri2b x18d9i69 x1c1uobl x1hl2dhg x16tdsg8 x1vvkbs\"><a class=\"x1i10hfl xjbqb8w x1ejq31n x18oe1m7 x1sy0etr xstzfhl x972fbf x10w94by x1qhh985 x14e42zd x9f619 x1ypdohk xt0psk2 x3ct3a4 xdj266r x14z9mp xat24cr x1lziwak xexx8yu xyri2b x18d9i69 x1c1uobl x16tdsg8 x1hl2dhg xggy1nq x1a2a7pz xkrqix3 x1sur9pj x1fey0fg x1s688f\" tabindex=\"0\" role=\"link\" href=\"https:\/\/www.facebook.com\/MINECOGT?__cft__[0]=AZUb_aVZa0oxYysLsn_nKeT9tSyKBXfx6FsAg-7LxBiNU5-5F_ipSqx1jVVSIFC6Y3HCbzWDmfF66O7vN-0KEYj2mj5d54VOQjXPbiAUBlDmUyb3Gyg1jTOPLFstgFSHFVsyTq6-boattrejy7mZik17-1PYmYOm5xnlnmX9yZRwRJA9Tv-UENzgLUNlY8SfCso&amp;__tn__=-]K-R\"><span class=\"xt0psk2\"><span class=\"xjp7ctv\">Ministerio de Econom\u00eda Guatemala<\/span><\/span><\/a><\/span>, reafirmamos nuestro compromiso de promover espacios de di\u00e1logo, confianza y empoderamiento, donde las voces de las mujeres rurales contin\u00faen siendo protagonistas en la transformaci\u00f3n de nuestro departamento y nuestro pa\u00eds.<\/div>\n<\/div>\n<p>&nbsp;<\/p>\n<p>&nbsp;<\/p>\n<div><\/div>\n<p>&nbsp;<\/p>\n<p>&nbsp;<\/p>\n<p><a href=\"https:\/\/www.facebook.com\/reel\/1470372344051780\/?__cft__[0]=AZXaKFCzBH2O_i-AZfez-IdV22zSkbOO0Cb7IKeUqyx0fW3wIqrhjiQWju_13dnVh4QwfVlh-bfIdBVRKthETGdTDeHyCyVCS0IOimmeXvFTr0-ZFpQ4WE1CCcznV87QOVIm5bW6y_D5BkLQKq5qOe5pl2ZY8LHGtTYHT34h5uWBO5gEdYpIx0x3TU2P8vSEx2UWvkKcE0WpQpfri54LPCBl&amp;__tn__=%2CO%2CP-R\"><img decoding=\"async\" loading=\"lazy\" class=\"alignnone wp-image-23513 size-medium\" title=\"Ver video en Facebook\" src=\"https:\/\/gobernacionaltaverapaz.gob.gt\/wp-content\/uploads\/2025\/11\/0-1-300x200.gif\" alt=\"\" width=\"300\" height=\"200\" srcset=\"https:\/\/gobernacionaltaverapaz.gob.gt\/wp-content\/uploads\/2025\/11\/0-1-300x200.gif 300w, https:\/\/gobernacionaltaverapaz.gob.gt\/wp-content\/uploads\/2025\/11\/0-1-768x512.gif 768w\" sizes=\"(max-width: 300px) 100vw, 300px\" \/><\/a><\/p>\n","protected":false},"excerpt":{"rendered":"<p>En el marco del D\u00eda Internacional de la Mujer Rural, la Gobernaci\u00f3n Departamental de Alta Verapaz, junto a instituciones aliadas, acompa\u00f1\u00f3 la realizaci\u00f3n del Primer Encuentro Departamental de Mujeres Rurales y Tejedoras. Este espacio permiti\u00f3 visibilizar el liderazgo, la sabidur\u00eda ancestral y el aporte invaluable de las mujeres ind\u00edgenas y rurales en la construcci\u00f3n de [&hellip;]<\/p>\n","protected":false},"author":1,"featured_media":23502,"comment_status":"closed","ping_status":"open","sticky":false,"template":"","format":"video","meta":[],"categories":[183],"tags":[178],"_links":{"self":[{"href":"https:\/\/gobernacionaltaverapaz.gob.gt\/index.php?rest_route=\/wp\/v2\/posts\/23512"}],"collection":[{"href":"https:\/\/gobernacionaltaverapaz.gob.gt\/index.php?rest_route=\/wp\/v2\/posts"}],"about":[{"href":"https:\/\/gobernacionaltaverapaz.gob.gt\/index.php?rest_route=\/wp\/v2\/types\/post"}],"author":[{"embeddable":true,"href":"https:\/\/gobernacionaltaverapaz.gob.gt\/index.php?rest_route=\/wp\/v2\/users\/1"}],"replies":[{"embeddable":true,"href":"https:\/\/gobernacionaltaverapaz.gob.gt\/index.php?rest_route=%2Fwp%2Fv2%2Fcomments&post=23512"}],"version-history":[{"count":1,"href":"https:\/\/gobernacionaltaverapaz.gob.gt\/index.php?rest_route=\/wp\/v2\/posts\/23512\/revisions"}],"predecessor-version":[{"id":23514,"href":"https:\/\/gobernacionaltaverapaz.gob.gt\/index.php?rest_route=\/wp\/v2\/posts\/23512\/revisions\/23514"}],"wp:featuredmedia":[{"embeddable":true,"href":"https:\/\/gobernacionaltaverapaz.gob.gt\/index.php?rest_route=\/wp\/v2\/media\/23502"}],"wp:attachment":[{"href":"https:\/\/gobernacionaltaverapaz.gob.gt\/index.php?rest_route=%2Fwp%2Fv2%2Fmedia&parent=23512"}],"wp:term":[{"taxonomy":"category","embeddable":true,"href":"https:\/\/gobernacionaltaverapaz.gob.gt\/index.php?rest_route=%2Fwp%2Fv2%2Fcategories&post=23512"},{"taxonomy":"post_tag","embeddable":true,"href":"https:\/\/gobernacionaltaverapaz.gob.gt\/index.php?rest_route=%2Fwp%2Fv2%2Ftags&post=23512"}],"curies":[{"name":"wp","href":"https:\/\/api.w.org\/{rel}","templated":true}]}}