{"id":23524,"date":"2025-10-16T07:00:07","date_gmt":"2025-10-16T13:00:07","guid":{"rendered":"https:\/\/gobernacionaltaverapaz.gob.gt\/?p=23524"},"modified":"2025-11-10T11:51:07","modified_gmt":"2025-11-10T17:51:07","slug":"alta-verapaz-fortalece-la-resiliencia-comunitaria-en-el-encuentro-regional-del-conocimiento-del-riesgo","status":"publish","type":"post","link":"https:\/\/gobernacionaltaverapaz.gob.gt\/?p=23524","title":{"rendered":"Alta Verapaz fortalece la resiliencia comunitaria en el Encuentro Regional del Conocimiento del Riesgo"},"content":{"rendered":"<div class=\"x14z9mp xat24cr x1lziwak x1vvkbs xtlvy1s x126k92a\">\n<div dir=\"auto\" style=\"text-align: justify;\">En el marco del D\u00eda Internacional para la Reducci\u00f3n del Riesgo de Desastres, la Gobernaci\u00f3n Departamental de Alta Verapaz, junto a la SE-CONRED y la Plataforma Territorial de Di\u00e1logo en Gesti\u00f3n Integral del Riesgo de Desastres de la Regi\u00f3n II Norte, participaron en el Encuentro Regional del Conocimiento del Riesgo.<\/div>\n<\/div>\n<div class=\"x14z9mp xat24cr x1lziwak x1vvkbs xtlvy1s x126k92a\" style=\"text-align: justify;\">\n<div dir=\"auto\">Durante la jornada se resalt\u00f3 que la gesti\u00f3n del riesgo es una responsabilidad compartida y que promover el conocimiento en la poblaci\u00f3n es una inversi\u00f3n en seguridad, desarrollo y futuro.<\/div>\n<\/div>\n<div class=\"x14z9mp xat24cr x1lziwak x1vvkbs xtlvy1s x126k92a\" style=\"text-align: justify;\">\n<div dir=\"auto\">En espacio de di\u00e1logo se abordaron temas clave:<\/div>\n<\/div>\n<div class=\"x14z9mp xat24cr x1lziwak x1vvkbs xtlvy1s x126k92a\" style=\"text-align: justify;\">\n<div dir=\"auto\"><span class=\"html-span xexx8yu xyri2b x18d9i69 x1c1uobl x1hl2dhg x16tdsg8 x1vvkbs x3nfvp2 x1j61x8r x1fcty0u xdj266r xat24cr xm2jcoa x1mpyi22 xxymvpz xlup9mm x1kky2od\"><img decoding=\"async\" loading=\"lazy\" class=\"xz74otr x15mokao x1ga7v0g x16uus16 xbiv7yw\" src=\"https:\/\/static.xx.fbcdn.net\/images\/emoji.php\/v9\/t33\/1\/16\/2705.png\" alt=\"\u2705\" width=\"16\" height=\"16\" \/><\/span> Acciones necesarias para fortalecer la gesti\u00f3n del riesgo.<\/div>\n<div dir=\"auto\"><span class=\"html-span xexx8yu xyri2b x18d9i69 x1c1uobl x1hl2dhg x16tdsg8 x1vvkbs x3nfvp2 x1j61x8r x1fcty0u xdj266r xat24cr xm2jcoa x1mpyi22 xxymvpz xlup9mm x1kky2od\"><img decoding=\"async\" loading=\"lazy\" class=\"xz74otr x15mokao x1ga7v0g x16uus16 xbiv7yw\" src=\"https:\/\/static.xx.fbcdn.net\/images\/emoji.php\/v9\/t33\/1\/16\/2705.png\" alt=\"\u2705\" width=\"16\" height=\"16\" \/><\/span> Contribuci\u00f3n del conocimiento ancestral a la gesti\u00f3n del riesgo.<\/div>\n<div dir=\"auto\"><span class=\"html-span xexx8yu xyri2b x18d9i69 x1c1uobl x1hl2dhg x16tdsg8 x1vvkbs x3nfvp2 x1j61x8r x1fcty0u xdj266r xat24cr xm2jcoa x1mpyi22 xxymvpz xlup9mm x1kky2od\"><img decoding=\"async\" loading=\"lazy\" class=\"xz74otr x15mokao x1ga7v0g x16uus16 xbiv7yw\" src=\"https:\/\/static.xx.fbcdn.net\/images\/emoji.php\/v9\/t33\/1\/16\/2705.png\" alt=\"\u2705\" width=\"16\" height=\"16\" \/><\/span> Gu\u00eda para establecer un Sistema de Alerta Temprana.<\/div>\n<\/div>\n<div class=\"x14z9mp xat24cr x1lziwak x1vvkbs xtlvy1s x126k92a\">\n<div dir=\"auto\" style=\"text-align: justify;\">La Gobernaci\u00f3n reafirma su compromiso con la resiliencia de las comunidades altaverapacenses y la construcci\u00f3n de un territorio m\u00e1s seguro.<\/div>\n<\/div>\n<p>&nbsp;<\/p>\n<p>&nbsp;<\/p>\n<div><\/div>\n","protected":false},"excerpt":{"rendered":"<p>En el marco del D\u00eda Internacional para la Reducci\u00f3n del Riesgo de Desastres, la Gobernaci\u00f3n Departamental de Alta Verapaz, junto a la SE-CONRED y la Plataforma Territorial de Di\u00e1logo en Gesti\u00f3n Integral del Riesgo de Desastres de la Regi\u00f3n II Norte, participaron en el Encuentro Regional del Conocimiento del Riesgo. Durante la jornada se resalt\u00f3 [&hellip;]<\/p>\n","protected":false},"author":1,"featured_media":23515,"comment_status":"closed","ping_status":"open","sticky":false,"template":"","format":"gallery","meta":[],"categories":[183],"tags":[178],"_links":{"self":[{"href":"https:\/\/gobernacionaltaverapaz.gob.gt\/index.php?rest_route=\/wp\/v2\/posts\/23524"}],"collection":[{"href":"https:\/\/gobernacionaltaverapaz.gob.gt\/index.php?rest_route=\/wp\/v2\/posts"}],"about":[{"href":"https:\/\/gobernacionaltaverapaz.gob.gt\/index.php?rest_route=\/wp\/v2\/types\/post"}],"author":[{"embeddable":true,"href":"https:\/\/gobernacionaltaverapaz.gob.gt\/index.php?rest_route=\/wp\/v2\/users\/1"}],"replies":[{"embeddable":true,"href":"https:\/\/gobernacionaltaverapaz.gob.gt\/index.php?rest_route=%2Fwp%2Fv2%2Fcomments&post=23524"}],"version-history":[{"count":1,"href":"https:\/\/gobernacionaltaverapaz.gob.gt\/index.php?rest_route=\/wp\/v2\/posts\/23524\/revisions"}],"predecessor-version":[{"id":23525,"href":"https:\/\/gobernacionaltaverapaz.gob.gt\/index.php?rest_route=\/wp\/v2\/posts\/23524\/revisions\/23525"}],"wp:featuredmedia":[{"embeddable":true,"href":"https:\/\/gobernacionaltaverapaz.gob.gt\/index.php?rest_route=\/wp\/v2\/media\/23515"}],"wp:attachment":[{"href":"https:\/\/gobernacionaltaverapaz.gob.gt\/index.php?rest_route=%2Fwp%2Fv2%2Fmedia&parent=23524"}],"wp:term":[{"taxonomy":"category","embeddable":true,"href":"https:\/\/gobernacionaltaverapaz.gob.gt\/index.php?rest_route=%2Fwp%2Fv2%2Fcategories&post=23524"},{"taxonomy":"post_tag","embeddable":true,"href":"https:\/\/gobernacionaltaverapaz.gob.gt\/index.php?rest_route=%2Fwp%2Fv2%2Ftags&post=23524"}],"curies":[{"name":"wp","href":"https:\/\/api.w.org\/{rel}","templated":true}]}}