{"id":23539,"date":"2025-10-16T14:33:27","date_gmt":"2025-10-16T20:33:27","guid":{"rendered":"https:\/\/gobernacionaltaverapaz.gob.gt\/?p=23539"},"modified":"2025-11-10T12:01:46","modified_gmt":"2025-11-10T18:01:46","slug":"metodologia-para-la-instalacion-de-gobiernos-departamentales-en-siete-territorios","status":"publish","type":"post","link":"https:\/\/gobernacionaltaverapaz.gob.gt\/?p=23539","title":{"rendered":"Metodolog\u00eda para la instalaci\u00f3n de Gobiernos Departamentales en siete territorios"},"content":{"rendered":"<div class=\"x14z9mp xat24cr x1lziwak x1vvkbs xtlvy1s x126k92a\">\n<div dir=\"auto\" style=\"text-align: justify;\">Durante la reuni\u00f3n nacional del 15 de octubre de 2025, la Gobernadora Departamental de Alta Verapaz, Dilia Margarita C\u00f3 Coy, junto con los delegados departamentales de la SCEP y SEGEPLAN, particip\u00f3 activamente en el proceso de coordinaci\u00f3n para la instalaci\u00f3n de los Gobiernos Departamentales, un paso clave en la pol\u00edtica de desconcentraci\u00f3n del Organismo Ejecutivo promovida por el presidente Bernardo Ar\u00e9valo.<\/div>\n<\/div>\n<div class=\"x14z9mp xat24cr x1lziwak x1vvkbs xtlvy1s x126k92a\" style=\"text-align: justify;\">\n<div dir=\"auto\">La participaci\u00f3n de Alta Verapaz en esta primera fase refleja el compromiso institucional de la Gobernadora y su equipo por fortalecer la rector\u00eda del Estado en el territorio, consolidando el papel de la Gobernaci\u00f3n como ente articulador entre el Gobierno central, las municipalidades y los consejos de desarrollo.<\/div>\n<\/div>\n<div class=\"x14z9mp xat24cr x1lziwak x1vvkbs xtlvy1s x126k92a\" style=\"text-align: justify;\">\n<div dir=\"auto\">Desde la perspectiva departamental, la Gobernadora destac\u00f3 la importancia de que la instalaci\u00f3n del Gobierno Departamental de Alta Verapaz responda a las necesidades reales de las comunidades, orientando la planificaci\u00f3n, inversi\u00f3n p\u00fablica y pol\u00edticas sectoriales hacia el bienestar de las familias, en coherencia con los ejes de la Pol\u00edtica General de Gobierno 2024-2028: desarrollo social, lucha contra la desnutrici\u00f3n y malnutrici\u00f3n, seguridad democr\u00e1tica y cuidado de la naturaleza.<\/div>\n<\/div>\n<div class=\"x14z9mp xat24cr x1lziwak x1vvkbs xtlvy1s x126k92a\">\n<div dir=\"auto\" style=\"text-align: justify;\">La Gobernaci\u00f3n, en coordinaci\u00f3n con la SCEP y SEGEPLAN, reafirm\u00f3 su compromiso de impulsar un Gabinete Departamental funcional y participativo, que garantice la articulaci\u00f3n de las instituciones p\u00fablicas en el territorio, para avanzar firmemente hacia la construcci\u00f3n de un modelo de Gobierno Departamental descentralizado, transparente y coordinado, que materializa el principio de que \u201cel pueblo digno es primero\u201d, eje rector de la nueva gesti\u00f3n departamental.<\/div>\n<\/div>\n<p>&nbsp;<\/p>\n<p>&nbsp;<\/p>\n<div><\/div>\n","protected":false},"excerpt":{"rendered":"<p>Durante la reuni\u00f3n nacional del 15 de octubre de 2025, la Gobernadora Departamental de Alta Verapaz, Dilia Margarita C\u00f3 Coy, junto con los delegados departamentales de la SCEP y SEGEPLAN, particip\u00f3 activamente en el proceso de coordinaci\u00f3n para la instalaci\u00f3n de los Gobiernos Departamentales, un paso clave en la pol\u00edtica de desconcentraci\u00f3n del Organismo Ejecutivo [&hellip;]<\/p>\n","protected":false},"author":1,"featured_media":23534,"comment_status":"closed","ping_status":"open","sticky":false,"template":"","format":"gallery","meta":[],"categories":[183],"tags":[178],"_links":{"self":[{"href":"https:\/\/gobernacionaltaverapaz.gob.gt\/index.php?rest_route=\/wp\/v2\/posts\/23539"}],"collection":[{"href":"https:\/\/gobernacionaltaverapaz.gob.gt\/index.php?rest_route=\/wp\/v2\/posts"}],"about":[{"href":"https:\/\/gobernacionaltaverapaz.gob.gt\/index.php?rest_route=\/wp\/v2\/types\/post"}],"author":[{"embeddable":true,"href":"https:\/\/gobernacionaltaverapaz.gob.gt\/index.php?rest_route=\/wp\/v2\/users\/1"}],"replies":[{"embeddable":true,"href":"https:\/\/gobernacionaltaverapaz.gob.gt\/index.php?rest_route=%2Fwp%2Fv2%2Fcomments&post=23539"}],"version-history":[{"count":1,"href":"https:\/\/gobernacionaltaverapaz.gob.gt\/index.php?rest_route=\/wp\/v2\/posts\/23539\/revisions"}],"predecessor-version":[{"id":23540,"href":"https:\/\/gobernacionaltaverapaz.gob.gt\/index.php?rest_route=\/wp\/v2\/posts\/23539\/revisions\/23540"}],"wp:featuredmedia":[{"embeddable":true,"href":"https:\/\/gobernacionaltaverapaz.gob.gt\/index.php?rest_route=\/wp\/v2\/media\/23534"}],"wp:attachment":[{"href":"https:\/\/gobernacionaltaverapaz.gob.gt\/index.php?rest_route=%2Fwp%2Fv2%2Fmedia&parent=23539"}],"wp:term":[{"taxonomy":"category","embeddable":true,"href":"https:\/\/gobernacionaltaverapaz.gob.gt\/index.php?rest_route=%2Fwp%2Fv2%2Fcategories&post=23539"},{"taxonomy":"post_tag","embeddable":true,"href":"https:\/\/gobernacionaltaverapaz.gob.gt\/index.php?rest_route=%2Fwp%2Fv2%2Ftags&post=23539"}],"curies":[{"name":"wp","href":"https:\/\/api.w.org\/{rel}","templated":true}]}}