{"id":23570,"date":"2025-10-20T06:00:26","date_gmt":"2025-10-20T12:00:26","guid":{"rendered":"https:\/\/gobernacionaltaverapaz.gob.gt\/?p=23570"},"modified":"2025-11-10T12:29:42","modified_gmt":"2025-11-10T18:29:42","slug":"foro-internacional-sobre-sistemas-de-alerta-temprana","status":"publish","type":"post","link":"https:\/\/gobernacionaltaverapaz.gob.gt\/?p=23570","title":{"rendered":"Foro Internacional sobre Sistemas de Alerta Temprana."},"content":{"rendered":"<div class=\"x14z9mp xat24cr x1lziwak x1vvkbs xtlvy1s x126k92a\">\n<div dir=\"auto\" style=\"text-align: justify;\">Un espacio de intercambio de experiencias para fortalecer la prevenci\u00f3n de desastres y la resiliencia comunitaria. La cooperaci\u00f3n internacional y el trabajo articulado con instituciones nacionales permiten avanzar hacia mecanismos m\u00e1s efectivos de protecci\u00f3n de la poblaci\u00f3n.<\/div>\n<\/div>\n<div class=\"x14z9mp xat24cr x1lziwak x1vvkbs xtlvy1s x126k92a\">\n<div dir=\"auto\" style=\"text-align: justify;\">Este esfuerzo refuerza el compromiso del Gobierno de Guatemala con la seguridad de las familias verapacenses, garantizando respuestas m\u00e1s \u00e1giles y oportunas ante emergencias. La prevenci\u00f3n es clave para salvar vidas y construir comunidades m\u00e1s seguras frente a los riesgos naturales.<\/div>\n<\/div>\n<p>&nbsp;<\/p>\n<p>&nbsp;<\/p>\n<div><\/div>\n","protected":false},"excerpt":{"rendered":"<p>Un espacio de intercambio de experiencias para fortalecer la prevenci\u00f3n de desastres y la resiliencia comunitaria. La cooperaci\u00f3n internacional y el trabajo articulado con instituciones nacionales permiten avanzar hacia mecanismos m\u00e1s efectivos de protecci\u00f3n de la poblaci\u00f3n. Este esfuerzo refuerza el compromiso del Gobierno de Guatemala con la seguridad de las familias verapacenses, garantizando respuestas [&hellip;]<\/p>\n","protected":false},"author":1,"featured_media":23566,"comment_status":"closed","ping_status":"open","sticky":false,"template":"","format":"gallery","meta":[],"categories":[183],"tags":[178],"_links":{"self":[{"href":"https:\/\/gobernacionaltaverapaz.gob.gt\/index.php?rest_route=\/wp\/v2\/posts\/23570"}],"collection":[{"href":"https:\/\/gobernacionaltaverapaz.gob.gt\/index.php?rest_route=\/wp\/v2\/posts"}],"about":[{"href":"https:\/\/gobernacionaltaverapaz.gob.gt\/index.php?rest_route=\/wp\/v2\/types\/post"}],"author":[{"embeddable":true,"href":"https:\/\/gobernacionaltaverapaz.gob.gt\/index.php?rest_route=\/wp\/v2\/users\/1"}],"replies":[{"embeddable":true,"href":"https:\/\/gobernacionaltaverapaz.gob.gt\/index.php?rest_route=%2Fwp%2Fv2%2Fcomments&post=23570"}],"version-history":[{"count":1,"href":"https:\/\/gobernacionaltaverapaz.gob.gt\/index.php?rest_route=\/wp\/v2\/posts\/23570\/revisions"}],"predecessor-version":[{"id":23571,"href":"https:\/\/gobernacionaltaverapaz.gob.gt\/index.php?rest_route=\/wp\/v2\/posts\/23570\/revisions\/23571"}],"wp:featuredmedia":[{"embeddable":true,"href":"https:\/\/gobernacionaltaverapaz.gob.gt\/index.php?rest_route=\/wp\/v2\/media\/23566"}],"wp:attachment":[{"href":"https:\/\/gobernacionaltaverapaz.gob.gt\/index.php?rest_route=%2Fwp%2Fv2%2Fmedia&parent=23570"}],"wp:term":[{"taxonomy":"category","embeddable":true,"href":"https:\/\/gobernacionaltaverapaz.gob.gt\/index.php?rest_route=%2Fwp%2Fv2%2Fcategories&post=23570"},{"taxonomy":"post_tag","embeddable":true,"href":"https:\/\/gobernacionaltaverapaz.gob.gt\/index.php?rest_route=%2Fwp%2Fv2%2Ftags&post=23570"}],"curies":[{"name":"wp","href":"https:\/\/api.w.org\/{rel}","templated":true}]}}