{"id":23579,"date":"2025-10-20T06:30:24","date_gmt":"2025-10-20T12:30:24","guid":{"rendered":"https:\/\/gobernacionaltaverapaz.gob.gt\/?p=23579"},"modified":"2025-11-10T12:33:40","modified_gmt":"2025-11-10T18:33:40","slug":"hospital-regional-de-coban-inauguro-la-ampliacion-de-su-laboratorio-de-patologia","status":"publish","type":"post","link":"https:\/\/gobernacionaltaverapaz.gob.gt\/?p=23579","title":{"rendered":"Hospital Regional de Cob\u00e1n inaugur\u00f3 la ampliaci\u00f3n de su laboratorio de patolog\u00eda"},"content":{"rendered":"<div class=\"xdj266r x14z9mp xat24cr x1lziwak x1vvkbs x126k92a\">\n<div dir=\"auto\" style=\"text-align: justify;\">El Hospital Regional de Cob\u00e1n inaugur\u00f3 la ampliaci\u00f3n de su laboratorio de patolog\u00eda, equipado con nueva tecnolog\u00eda para agilizar los diagn\u00f3sticos de c\u00e1ncer y brindar resultados m\u00e1s r\u00e1pidos y precisos. Con esta mejora, se fortalece la capacidad del hospital para atender a pacientes con sospechas de c\u00e1ncer de mama, cuello uterino y otros tipos, sin necesidad de viajar a la capital ni acudir a laboratorios privados.<\/div>\n<\/div>\n<div class=\"x14z9mp xat24cr x1lziwak x1vvkbs xtlvy1s x126k92a\">\n<div dir=\"auto\" style=\"text-align: justify;\">Este avance beneficiar\u00e1 a m\u00e1s de 1.9 millones de habitantes del \u00e1rea de cobertura, reduciendo tiempos de espera, costos y ansiedad en las familias. La ampliaci\u00f3n del laboratorio reafirma el compromiso de garantizar una atenci\u00f3n m\u00e9dica m\u00e1s digna, cercana y humana para la poblaci\u00f3n de Alta Verapaz.<\/div>\n<\/div>\n<p>&nbsp;<\/p>\n<p>&nbsp;<\/p>\n<div><\/div>\n","protected":false},"excerpt":{"rendered":"<p>El Hospital Regional de Cob\u00e1n inaugur\u00f3 la ampliaci\u00f3n de su laboratorio de patolog\u00eda, equipado con nueva tecnolog\u00eda para agilizar los diagn\u00f3sticos de c\u00e1ncer y brindar resultados m\u00e1s r\u00e1pidos y precisos. Con esta mejora, se fortalece la capacidad del hospital para atender a pacientes con sospechas de c\u00e1ncer de mama, cuello uterino y otros tipos, sin [&hellip;]<\/p>\n","protected":false},"author":1,"featured_media":23572,"comment_status":"closed","ping_status":"open","sticky":false,"template":"","format":"gallery","meta":[],"categories":[183],"tags":[178],"_links":{"self":[{"href":"https:\/\/gobernacionaltaverapaz.gob.gt\/index.php?rest_route=\/wp\/v2\/posts\/23579"}],"collection":[{"href":"https:\/\/gobernacionaltaverapaz.gob.gt\/index.php?rest_route=\/wp\/v2\/posts"}],"about":[{"href":"https:\/\/gobernacionaltaverapaz.gob.gt\/index.php?rest_route=\/wp\/v2\/types\/post"}],"author":[{"embeddable":true,"href":"https:\/\/gobernacionaltaverapaz.gob.gt\/index.php?rest_route=\/wp\/v2\/users\/1"}],"replies":[{"embeddable":true,"href":"https:\/\/gobernacionaltaverapaz.gob.gt\/index.php?rest_route=%2Fwp%2Fv2%2Fcomments&post=23579"}],"version-history":[{"count":1,"href":"https:\/\/gobernacionaltaverapaz.gob.gt\/index.php?rest_route=\/wp\/v2\/posts\/23579\/revisions"}],"predecessor-version":[{"id":23580,"href":"https:\/\/gobernacionaltaverapaz.gob.gt\/index.php?rest_route=\/wp\/v2\/posts\/23579\/revisions\/23580"}],"wp:featuredmedia":[{"embeddable":true,"href":"https:\/\/gobernacionaltaverapaz.gob.gt\/index.php?rest_route=\/wp\/v2\/media\/23572"}],"wp:attachment":[{"href":"https:\/\/gobernacionaltaverapaz.gob.gt\/index.php?rest_route=%2Fwp%2Fv2%2Fmedia&parent=23579"}],"wp:term":[{"taxonomy":"category","embeddable":true,"href":"https:\/\/gobernacionaltaverapaz.gob.gt\/index.php?rest_route=%2Fwp%2Fv2%2Fcategories&post=23579"},{"taxonomy":"post_tag","embeddable":true,"href":"https:\/\/gobernacionaltaverapaz.gob.gt\/index.php?rest_route=%2Fwp%2Fv2%2Ftags&post=23579"}],"curies":[{"name":"wp","href":"https:\/\/api.w.org\/{rel}","templated":true}]}}