{"id":23596,"date":"2025-10-21T20:16:56","date_gmt":"2025-10-22T02:16:56","guid":{"rendered":"https:\/\/gobernacionaltaverapaz.gob.gt\/?p=23596"},"modified":"2025-11-10T15:16:19","modified_gmt":"2025-11-10T21:16:19","slug":"bono-social-llega-a-tucuru","status":"publish","type":"post","link":"https:\/\/gobernacionaltaverapaz.gob.gt\/?p=23596","title":{"rendered":"Bono Social llega a Tucur\u00fa"},"content":{"rendered":"<div class=\"x14z9mp xat24cr x1lziwak x1vvkbs xtlvy1s x126k92a\">\n<div dir=\"auto\" style=\"text-align: justify;\">La Gobernaci\u00f3n Departamental de Alta Verapaz acompa\u00f1\u00f3 el lanzamiento del Bono Social en San Miguel Tucur\u00fa, beneficiando a m\u00e1s de 5,700 familias. Esta acci\u00f3n forma parte de la Iniciativa Intersectorial <span class=\"html-span xdj266r x14z9mp xat24cr x1lziwak xexx8yu xyri2b x18d9i69 x1c1uobl x1hl2dhg x16tdsg8 x1vvkbs\"><a class=\"x1i10hfl xjbqb8w x1ejq31n x18oe1m7 x1sy0etr xstzfhl x972fbf x10w94by x1qhh985 x14e42zd x9f619 x1ypdohk xt0psk2 x3ct3a4 xdj266r x14z9mp xat24cr x1lziwak xexx8yu xyri2b x18d9i69 x1c1uobl x16tdsg8 x1hl2dhg xggy1nq x1a2a7pz xkrqix3 x1sur9pj x1fey0fg x1s688f\" tabindex=\"0\" role=\"link\" href=\"https:\/\/www.facebook.com\/hashtag\/manoamanogt?__eep__=6&amp;__cft__[0]=AZUgLA1mOcL4_G-4MN0RcCvQm2vyaPlkxo9wUa4r7le5AqIwdRLW5mRkM9If4yxPGC9mXLo4nSHsplUvpfZh00liBtuE0RQIPy-05ZoBUrBUQhKvJFG8PbOvsjnA0YMdajbwUh-ywZDA9adZIPPK5J1pSVvxANzTmri3ThHAFDZfN5Z34ej8mzLT1z9O1Sfin1Y&amp;__tn__=*NK-R\">#ManoAManoGT<\/a><\/span>, que busca fortalecer la protecci\u00f3n social y garantizar mejores oportunidades en salud, educaci\u00f3n y alimentaci\u00f3n.<\/div>\n<\/div>\n<div class=\"x14z9mp xat24cr x1lziwak x1vvkbs xtlvy1s x126k92a\" style=\"text-align: justify;\">\n<div dir=\"auto\">Durante el COMUDE de Tucur\u00fa, se compartieron los datos del Registro Social de Hogares (RSH), que evidencian la importancia de priorizar a la ni\u00f1ez y juventud en los programas sociales, el municipio cuenta con 48,269 personas registradas en 9,445 hogares. M\u00e1s de la mitad son ni\u00f1as, ni\u00f1os, adolescentes y j\u00f3venes (68.5 % de la poblaci\u00f3n), Al mismo tiempo, cerca de un tercio de la poblaci\u00f3n (31.5 %) est\u00e1 conformado por adultos y personas mayores, quienes sostienen la vida comunitaria y tambi\u00e9n requieren programas que fortalezcan su bienestar.<\/div>\n<\/div>\n<div class=\"x14z9mp xat24cr x1lziwak x1vvkbs xtlvy1s x126k92a\">\n<div dir=\"auto\" style=\"text-align: justify;\">Se continuar\u00e1 trabajando en coordinaci\u00f3n con instituciones y autoridades locales para garantizar un futuro digno para las familias del territorio.<\/div>\n<\/div>\n<p>&nbsp;<\/p>\n<div><\/div>\n<p>&nbsp;<\/p>\n<p>&nbsp;<\/p>\n<p><a href=\"https:\/\/www.facebook.com\/reel\/689869940828634\/?__cft__[0]=AZUsb1Q-bkAWAfD76m60TlDdMc7socmulL2MB_imKi98RvJ-CfNSYwqGRB0FK-5gG3sw0F3H-dtNzckBJvWts7T_fyJWviRFqm_JPaOH4n0JnK6ivnMk83gPc0FS-wxSWK7V6wsUa1LYDGS3pbePPrq7GPQcEq2uZ2Rq6rDQvXkG9TdFQsoGxl9LqR29rlVxy8wgr9m2TNiVmLOY577eDxHx&amp;__tn__=%2CO%2CP-R\"><img decoding=\"async\" loading=\"lazy\" class=\"alignnone wp-image-23597 size-medium\" title=\"Ver video en Facebook\" src=\"https:\/\/gobernacionaltaverapaz.gob.gt\/wp-content\/uploads\/2025\/11\/0-2-300x200.gif\" alt=\"\" width=\"300\" height=\"200\" srcset=\"https:\/\/gobernacionaltaverapaz.gob.gt\/wp-content\/uploads\/2025\/11\/0-2-300x200.gif 300w, https:\/\/gobernacionaltaverapaz.gob.gt\/wp-content\/uploads\/2025\/11\/0-2-768x512.gif 768w\" sizes=\"(max-width: 300px) 100vw, 300px\" \/><\/a><\/p>\n","protected":false},"excerpt":{"rendered":"<p>La Gobernaci\u00f3n Departamental de Alta Verapaz acompa\u00f1\u00f3 el lanzamiento del Bono Social en San Miguel Tucur\u00fa, beneficiando a m\u00e1s de 5,700 familias. Esta acci\u00f3n forma parte de la Iniciativa Intersectorial #ManoAManoGT, que busca fortalecer la protecci\u00f3n social y garantizar mejores oportunidades en salud, educaci\u00f3n y alimentaci\u00f3n. Durante el COMUDE de Tucur\u00fa, se compartieron los datos [&hellip;]<\/p>\n","protected":false},"author":1,"featured_media":23587,"comment_status":"closed","ping_status":"open","sticky":false,"template":"","format":"video","meta":[],"categories":[182],"tags":[178],"_links":{"self":[{"href":"https:\/\/gobernacionaltaverapaz.gob.gt\/index.php?rest_route=\/wp\/v2\/posts\/23596"}],"collection":[{"href":"https:\/\/gobernacionaltaverapaz.gob.gt\/index.php?rest_route=\/wp\/v2\/posts"}],"about":[{"href":"https:\/\/gobernacionaltaverapaz.gob.gt\/index.php?rest_route=\/wp\/v2\/types\/post"}],"author":[{"embeddable":true,"href":"https:\/\/gobernacionaltaverapaz.gob.gt\/index.php?rest_route=\/wp\/v2\/users\/1"}],"replies":[{"embeddable":true,"href":"https:\/\/gobernacionaltaverapaz.gob.gt\/index.php?rest_route=%2Fwp%2Fv2%2Fcomments&post=23596"}],"version-history":[{"count":1,"href":"https:\/\/gobernacionaltaverapaz.gob.gt\/index.php?rest_route=\/wp\/v2\/posts\/23596\/revisions"}],"predecessor-version":[{"id":23598,"href":"https:\/\/gobernacionaltaverapaz.gob.gt\/index.php?rest_route=\/wp\/v2\/posts\/23596\/revisions\/23598"}],"wp:featuredmedia":[{"embeddable":true,"href":"https:\/\/gobernacionaltaverapaz.gob.gt\/index.php?rest_route=\/wp\/v2\/media\/23587"}],"wp:attachment":[{"href":"https:\/\/gobernacionaltaverapaz.gob.gt\/index.php?rest_route=%2Fwp%2Fv2%2Fmedia&parent=23596"}],"wp:term":[{"taxonomy":"category","embeddable":true,"href":"https:\/\/gobernacionaltaverapaz.gob.gt\/index.php?rest_route=%2Fwp%2Fv2%2Fcategories&post=23596"},{"taxonomy":"post_tag","embeddable":true,"href":"https:\/\/gobernacionaltaverapaz.gob.gt\/index.php?rest_route=%2Fwp%2Fv2%2Ftags&post=23596"}],"curies":[{"name":"wp","href":"https:\/\/api.w.org\/{rel}","templated":true}]}}