{"id":23621,"date":"2025-10-22T15:30:38","date_gmt":"2025-10-22T21:30:38","guid":{"rendered":"https:\/\/gobernacionaltaverapaz.gob.gt\/?p=23621"},"modified":"2025-11-10T15:39:43","modified_gmt":"2025-11-10T21:39:43","slug":"bono-social-llega-a-panzos","status":"publish","type":"post","link":"https:\/\/gobernacionaltaverapaz.gob.gt\/?p=23621","title":{"rendered":"Bono Social llega a Panz\u00f3s"},"content":{"rendered":"<div class=\"x14z9mp xat24cr x1lziwak x1vvkbs xtlvy1s x126k92a\">\n<div dir=\"auto\" style=\"text-align: justify;\">La Gobernaci\u00f3n Departamental de Alta Verapaz acompa\u00f1\u00f3 el lanzamiento del Bono Social en el municipio de Panz\u00f3s, beneficiando a m\u00e1s de 7,400 familias, lo que representa m\u00e1s de cinco veces la cobertura que se ten\u00eda en 2023. Esta acci\u00f3n forma parte de la Iniciativa Intersectorial <span class=\"html-span xdj266r x14z9mp xat24cr x1lziwak xexx8yu xyri2b x18d9i69 x1c1uobl x1hl2dhg x16tdsg8 x1vvkbs\"><a class=\"x1i10hfl xjbqb8w x1ejq31n x18oe1m7 x1sy0etr xstzfhl x972fbf x10w94by x1qhh985 x14e42zd x9f619 x1ypdohk xt0psk2 x3ct3a4 xdj266r x14z9mp xat24cr x1lziwak xexx8yu xyri2b x18d9i69 x1c1uobl x16tdsg8 x1hl2dhg xggy1nq x1a2a7pz xkrqix3 x1sur9pj x1fey0fg x1s688f\" tabindex=\"0\" role=\"link\" href=\"https:\/\/www.facebook.com\/hashtag\/manoamanogt?__eep__=6&amp;__cft__[0]=AZUGq3Hhq89N3X1FNVLPyeB5ClfCjlOMAjpd2zQr-KAplSh2Wa8-Yuevd70DwKl2U1dORP7MXPazJEjsQL87IGh9cudgs9NSg9p-z9YNNvYTTyZMkkpz4CbgPrXWmM_5ERrMfvjhOnkaCTilL33uDjfEz_bLEY0JGxvvi5kqncgkuQ&amp;__tn__=*NK-R\">#ManoAManoGT<\/a><\/span>, que busca fortalecer la protecci\u00f3n social y garantizar mejores oportunidades en salud, educaci\u00f3n y alimentaci\u00f3n.<\/div>\n<\/div>\n<div class=\"x14z9mp xat24cr x1lziwak x1vvkbs xtlvy1s x126k92a\" style=\"text-align: justify;\">\n<div dir=\"auto\">Durante el COMUDE de Panz\u00f3s, se compartieron los datos del Registro Social de Hogares (RSH), que evidencian la importancia de priorizar a la ni\u00f1ez y juventud en los programas sociales. El municipio cuenta con 76,610 personas registradas en 14,732 hogares, de las cuales m\u00e1s de la mitad son ni\u00f1as, ni\u00f1os, adolescentes y j\u00f3venes (68.9 % de la poblaci\u00f3n). Al mismo tiempo, cerca de un tercio de la poblaci\u00f3n (31.1 %) est\u00e1 conformada por adultos y personas mayores, quienes sostienen la vida comunitaria y tambi\u00e9n requieren programas que fortalezcan su bienestar.<\/div>\n<\/div>\n<div class=\"x14z9mp xat24cr x1lziwak x1vvkbs xtlvy1s x126k92a\">\n<div dir=\"auto\" style=\"text-align: justify;\">Se continuar\u00e1 trabajando en coordinaci\u00f3n con instituciones y autoridades locales para garantizar un futuro digno para las familias del territorio.<\/div>\n<\/div>\n<p>&nbsp;<\/p>\n<p>&nbsp;<\/p>\n<div><\/div>\n<p>&nbsp;<\/p>\n<p>&nbsp;<\/p>\n<p><a href=\"https:\/\/www.facebook.com\/reel\/809949888433771\/?__cft__[0]=AZVhioTU6kaDHjtqIj_kIayGUzmqBdCNfKKl1ps9gWiQd9seOnSXQXim1_W_36pUOBFQTrMJQDOc7ar7ChaOIXIMrCuRLsrHxbSViQTaB7kizJ7SvUW-HW72eIVqidQyw85p811cpj-XVrp2s4at6AvvN4mgivkC9NW-sCrobZ0vLmsizxAA0FFc4Z3PMwx4v9jT6qFUKYnnWgdOwT8Q5eep&amp;__tn__=%2CO%2CP-R\"><img decoding=\"async\" loading=\"lazy\" class=\"alignnone wp-image-23622 size-medium\" title=\"Ver video en Facebook\" src=\"https:\/\/gobernacionaltaverapaz.gob.gt\/wp-content\/uploads\/2025\/11\/0-3-300x200.gif\" alt=\"\" width=\"300\" height=\"200\" srcset=\"https:\/\/gobernacionaltaverapaz.gob.gt\/wp-content\/uploads\/2025\/11\/0-3-300x200.gif 300w, https:\/\/gobernacionaltaverapaz.gob.gt\/wp-content\/uploads\/2025\/11\/0-3-768x512.gif 768w\" sizes=\"(max-width: 300px) 100vw, 300px\" \/><\/a><\/p>\n","protected":false},"excerpt":{"rendered":"<p>La Gobernaci\u00f3n Departamental de Alta Verapaz acompa\u00f1\u00f3 el lanzamiento del Bono Social en el municipio de Panz\u00f3s, beneficiando a m\u00e1s de 7,400 familias, lo que representa m\u00e1s de cinco veces la cobertura que se ten\u00eda en 2023. Esta acci\u00f3n forma parte de la Iniciativa Intersectorial #ManoAManoGT, que busca fortalecer la protecci\u00f3n social y garantizar mejores [&hellip;]<\/p>\n","protected":false},"author":1,"featured_media":23611,"comment_status":"closed","ping_status":"open","sticky":false,"template":"","format":"video","meta":[],"categories":[182],"tags":[178],"_links":{"self":[{"href":"https:\/\/gobernacionaltaverapaz.gob.gt\/index.php?rest_route=\/wp\/v2\/posts\/23621"}],"collection":[{"href":"https:\/\/gobernacionaltaverapaz.gob.gt\/index.php?rest_route=\/wp\/v2\/posts"}],"about":[{"href":"https:\/\/gobernacionaltaverapaz.gob.gt\/index.php?rest_route=\/wp\/v2\/types\/post"}],"author":[{"embeddable":true,"href":"https:\/\/gobernacionaltaverapaz.gob.gt\/index.php?rest_route=\/wp\/v2\/users\/1"}],"replies":[{"embeddable":true,"href":"https:\/\/gobernacionaltaverapaz.gob.gt\/index.php?rest_route=%2Fwp%2Fv2%2Fcomments&post=23621"}],"version-history":[{"count":1,"href":"https:\/\/gobernacionaltaverapaz.gob.gt\/index.php?rest_route=\/wp\/v2\/posts\/23621\/revisions"}],"predecessor-version":[{"id":23623,"href":"https:\/\/gobernacionaltaverapaz.gob.gt\/index.php?rest_route=\/wp\/v2\/posts\/23621\/revisions\/23623"}],"wp:featuredmedia":[{"embeddable":true,"href":"https:\/\/gobernacionaltaverapaz.gob.gt\/index.php?rest_route=\/wp\/v2\/media\/23611"}],"wp:attachment":[{"href":"https:\/\/gobernacionaltaverapaz.gob.gt\/index.php?rest_route=%2Fwp%2Fv2%2Fmedia&parent=23621"}],"wp:term":[{"taxonomy":"category","embeddable":true,"href":"https:\/\/gobernacionaltaverapaz.gob.gt\/index.php?rest_route=%2Fwp%2Fv2%2Fcategories&post=23621"},{"taxonomy":"post_tag","embeddable":true,"href":"https:\/\/gobernacionaltaverapaz.gob.gt\/index.php?rest_route=%2Fwp%2Fv2%2Ftags&post=23621"}],"curies":[{"name":"wp","href":"https:\/\/api.w.org\/{rel}","templated":true}]}}