{"id":23648,"date":"2025-10-27T11:40:29","date_gmt":"2025-10-27T17:40:29","guid":{"rendered":"https:\/\/gobernacionaltaverapaz.gob.gt\/?p=23648"},"modified":"2025-11-10T16:12:24","modified_gmt":"2025-11-10T22:12:24","slug":"reunion-ordinaria-de-la-codesan-en-santa-maria-cahabon","status":"publish","type":"post","link":"https:\/\/gobernacionaltaverapaz.gob.gt\/?p=23648","title":{"rendered":"Reuni\u00f3n Ordinaria de la CODESAN en Santa Mar\u00eda Cahab\u00f3n"},"content":{"rendered":"<div class=\"x14z9mp xat24cr x1lziwak x1vvkbs xtlvy1s x126k92a\">\n<div dir=\"auto\" style=\"text-align: justify;\">La Gobernaci\u00f3n Departamental de Alta Verapaz, en el marco de la Comisi\u00f3n Departamental de Seguridad Alimentaria y Nutricional \u2013CODESAN\u2013, desarroll\u00f3 la reuni\u00f3n ordinaria en el municipio de Santa Mar\u00eda Cahab\u00f3n, con el objetivo de fortalecer la articulaci\u00f3n interinstitucional y validar las acciones en favor de la seguridad alimentaria y nutricional en el territorio.<\/div>\n<\/div>\n<div class=\"x14z9mp xat24cr x1lziwak x1vvkbs xtlvy1s x126k92a\" style=\"text-align: justify;\">\n<div dir=\"auto\">Entre los temas abordados se incluyeron las intervenciones de las COMUSAN de Santa Mar\u00eda Cahab\u00f3n, San Agust\u00edn Lanqu\u00edn y San Crist\u00f3bal Verapaz; la presentaci\u00f3n de la sala situacional de morbilidad y mortalidad por desnutrici\u00f3n aguda; los resultados del Quinto Censo Nacional de Talla en Escolares de primer grado del sector p\u00fablico 2024.<\/div>\n<\/div>\n<div class=\"x14z9mp xat24cr x1lziwak x1vvkbs xtlvy1s x126k92a\">\n<div dir=\"auto\" style=\"text-align: justify;\">Con la presencia en los municipios, se avanza en la coordinaci\u00f3n con autoridades locales e instituciones, para articular acciones clave que permitan prevenir y reducir la desnutrici\u00f3n en Alta Verapaz, en cumplimiento a los compromisos del Gobierno de Guatemala.<\/div>\n<\/div>\n<p>&nbsp;<\/p>\n<p>&nbsp;<\/p>\n<div><\/div>\n<p>&nbsp;<\/p>\n<p>&nbsp;<\/p>\n<p><a href=\"https:\/\/www.facebook.com\/reel\/1184655066856681\/?__cft__[0]=AZXADhxpP2TXoHKt1l0ObvwAy-zMOhg-CKNLzH8uk_o_TCoVIHWFmZ_y-wfv8nj41nBLiqul-NQ91KGi_WyqM4pP_LrVWr-mYzYo3YeZChsLMYXB7f_W5JdWPwbhBriTbcKOHu8iZlp-hT2mA0MH-CVZU7_T8_JM-UkRhoN1RR_QEoYdQ0MY1ZFwx6_DQhkk72hT_SJwR4Ck3ixeWU_4z0R_&amp;__tn__=%2CO%2CP-R\"><img decoding=\"async\" loading=\"lazy\" class=\"alignnone wp-image-23649 size-medium\" title=\"Ver video en Facebook\" src=\"https:\/\/gobernacionaltaverapaz.gob.gt\/wp-content\/uploads\/2025\/11\/0-4-300x200.gif\" alt=\"\" width=\"300\" height=\"200\" srcset=\"https:\/\/gobernacionaltaverapaz.gob.gt\/wp-content\/uploads\/2025\/11\/0-4-300x200.gif 300w, https:\/\/gobernacionaltaverapaz.gob.gt\/wp-content\/uploads\/2025\/11\/0-4-768x512.gif 768w\" sizes=\"(max-width: 300px) 100vw, 300px\" \/><\/a><\/p>\n","protected":false},"excerpt":{"rendered":"<p>La Gobernaci\u00f3n Departamental de Alta Verapaz, en el marco de la Comisi\u00f3n Departamental de Seguridad Alimentaria y Nutricional \u2013CODESAN\u2013, desarroll\u00f3 la reuni\u00f3n ordinaria en el municipio de Santa Mar\u00eda Cahab\u00f3n, con el objetivo de fortalecer la articulaci\u00f3n interinstitucional y validar las acciones en favor de la seguridad alimentaria y nutricional en el territorio. Entre los [&hellip;]<\/p>\n","protected":false},"author":1,"featured_media":23638,"comment_status":"closed","ping_status":"open","sticky":false,"template":"","format":"video","meta":[],"categories":[183],"tags":[178],"_links":{"self":[{"href":"https:\/\/gobernacionaltaverapaz.gob.gt\/index.php?rest_route=\/wp\/v2\/posts\/23648"}],"collection":[{"href":"https:\/\/gobernacionaltaverapaz.gob.gt\/index.php?rest_route=\/wp\/v2\/posts"}],"about":[{"href":"https:\/\/gobernacionaltaverapaz.gob.gt\/index.php?rest_route=\/wp\/v2\/types\/post"}],"author":[{"embeddable":true,"href":"https:\/\/gobernacionaltaverapaz.gob.gt\/index.php?rest_route=\/wp\/v2\/users\/1"}],"replies":[{"embeddable":true,"href":"https:\/\/gobernacionaltaverapaz.gob.gt\/index.php?rest_route=%2Fwp%2Fv2%2Fcomments&post=23648"}],"version-history":[{"count":1,"href":"https:\/\/gobernacionaltaverapaz.gob.gt\/index.php?rest_route=\/wp\/v2\/posts\/23648\/revisions"}],"predecessor-version":[{"id":23650,"href":"https:\/\/gobernacionaltaverapaz.gob.gt\/index.php?rest_route=\/wp\/v2\/posts\/23648\/revisions\/23650"}],"wp:featuredmedia":[{"embeddable":true,"href":"https:\/\/gobernacionaltaverapaz.gob.gt\/index.php?rest_route=\/wp\/v2\/media\/23638"}],"wp:attachment":[{"href":"https:\/\/gobernacionaltaverapaz.gob.gt\/index.php?rest_route=%2Fwp%2Fv2%2Fmedia&parent=23648"}],"wp:term":[{"taxonomy":"category","embeddable":true,"href":"https:\/\/gobernacionaltaverapaz.gob.gt\/index.php?rest_route=%2Fwp%2Fv2%2Fcategories&post=23648"},{"taxonomy":"post_tag","embeddable":true,"href":"https:\/\/gobernacionaltaverapaz.gob.gt\/index.php?rest_route=%2Fwp%2Fv2%2Ftags&post=23648"}],"curies":[{"name":"wp","href":"https:\/\/api.w.org\/{rel}","templated":true}]}}