{"id":23662,"date":"2025-10-27T12:30:35","date_gmt":"2025-10-27T18:30:35","guid":{"rendered":"https:\/\/gobernacionaltaverapaz.gob.gt\/?p=23662"},"modified":"2025-11-10T16:21:41","modified_gmt":"2025-11-10T22:21:41","slug":"capacitacion-en-el-area-de-panaderia-variada-con-una-duracion-de-60-horas-distribuidas-en-jornadas-de-8-horas","status":"publish","type":"post","link":"https:\/\/gobernacionaltaverapaz.gob.gt\/?p=23662","title":{"rendered":"Capacitaci\u00f3n en el \u00e1rea de Panader\u00eda Variada, con una duraci\u00f3n de 60 horas distribuidas en jornadas de 8 horas"},"content":{"rendered":"<div class=\"xdj266r x14z9mp xat24cr x1lziwak x1vvkbs x126k92a\">\n<div dir=\"auto\" style=\"text-align: justify;\">En el municipio de Santa Mar\u00eda Cahab\u00f3n, Alta Verapaz, se llev\u00f3 a cabo un proceso de capacitaci\u00f3n en el \u00e1rea de Panader\u00eda Variada, con una duraci\u00f3n de 60 horas distribuidas en jornadas de 8 horas.<\/div>\n<\/div>\n<div class=\"x14z9mp xat24cr x1lziwak x1vvkbs xtlvy1s x126k92a\" style=\"text-align: justify;\">\n<div dir=\"auto\">La formaci\u00f3n benefici\u00f3 a 54 mujeres, quienes participaron en este proceso de fortalecimiento de capacidades productivas gracias a la coordinaci\u00f3n interinstitucional entre el Ministerio de Desarrollo Social \u2013MIDES\u2013, la Municipalidad de Santa Mar\u00eda Cahab\u00f3n, y el Instituto T\u00e9cnico de Capacitaci\u00f3n y Productividad \u2013INTECAP\u2013.<\/div>\n<\/div>\n<div class=\"x14z9mp xat24cr x1lziwak x1vvkbs xtlvy1s x126k92a\">\n<div dir=\"auto\" style=\"text-align: justify;\">Este esfuerzo conjunto busca promover la inclusi\u00f3n social, el empoderamiento econ\u00f3mico y la seguridad alimentaria en las comunidades, brindando a las participantes conocimientos pr\u00e1cticos y t\u00e9cnicos que les permitan generar ingresos sostenibles y contribuir al bienestar de sus familias.<\/div>\n<\/div>\n<p>&nbsp;<\/p>\n<p>&nbsp;<\/p>\n<div><\/div>\n<p>&nbsp;<\/p>\n<p>&nbsp;<\/p>\n<p><a href=\"https:\/\/www.facebook.com\/reel\/1299740605297201\/?__cft__[0]=AZUcO09cIvP_xWkLppyuwR8-IfeNAttvShJJXu8elZ-b4UhSw7N80QdZLKlYITOdc5cCO4GdIaMjyV_3r50-2Ta83VqzMolas1cyhiuyVsuSdDyvDG3zIyGaRcCOHTNt_Gi3e2zIEGuQPA_nhW7neSJqyFCY9_yjtUOpHivdJPcvLDgVeT3CW6XU3bU_81AeSSyTNbseQUHRbQ0snxZioB-W&amp;__tn__=%2CO%2CP-Rv\"><img decoding=\"async\" loading=\"lazy\" class=\"alignnone wp-image-23663 size-medium\" title=\"Ver video en Facebook\" src=\"https:\/\/gobernacionaltaverapaz.gob.gt\/wp-content\/uploads\/2025\/11\/0-5-300x200.gif\" alt=\"\" width=\"300\" height=\"200\" srcset=\"https:\/\/gobernacionaltaverapaz.gob.gt\/wp-content\/uploads\/2025\/11\/0-5-300x200.gif 300w, https:\/\/gobernacionaltaverapaz.gob.gt\/wp-content\/uploads\/2025\/11\/0-5-768x512.gif 768w\" sizes=\"(max-width: 300px) 100vw, 300px\" \/><\/a><\/p>\n","protected":false},"excerpt":{"rendered":"<p>En el municipio de Santa Mar\u00eda Cahab\u00f3n, Alta Verapaz, se llev\u00f3 a cabo un proceso de capacitaci\u00f3n en el \u00e1rea de Panader\u00eda Variada, con una duraci\u00f3n de 60 horas distribuidas en jornadas de 8 horas. La formaci\u00f3n benefici\u00f3 a 54 mujeres, quienes participaron en este proceso de fortalecimiento de capacidades productivas gracias a la coordinaci\u00f3n [&hellip;]<\/p>\n","protected":false},"author":1,"featured_media":23651,"comment_status":"closed","ping_status":"open","sticky":false,"template":"","format":"video","meta":[],"categories":[7],"tags":[178],"_links":{"self":[{"href":"https:\/\/gobernacionaltaverapaz.gob.gt\/index.php?rest_route=\/wp\/v2\/posts\/23662"}],"collection":[{"href":"https:\/\/gobernacionaltaverapaz.gob.gt\/index.php?rest_route=\/wp\/v2\/posts"}],"about":[{"href":"https:\/\/gobernacionaltaverapaz.gob.gt\/index.php?rest_route=\/wp\/v2\/types\/post"}],"author":[{"embeddable":true,"href":"https:\/\/gobernacionaltaverapaz.gob.gt\/index.php?rest_route=\/wp\/v2\/users\/1"}],"replies":[{"embeddable":true,"href":"https:\/\/gobernacionaltaverapaz.gob.gt\/index.php?rest_route=%2Fwp%2Fv2%2Fcomments&post=23662"}],"version-history":[{"count":1,"href":"https:\/\/gobernacionaltaverapaz.gob.gt\/index.php?rest_route=\/wp\/v2\/posts\/23662\/revisions"}],"predecessor-version":[{"id":23664,"href":"https:\/\/gobernacionaltaverapaz.gob.gt\/index.php?rest_route=\/wp\/v2\/posts\/23662\/revisions\/23664"}],"wp:featuredmedia":[{"embeddable":true,"href":"https:\/\/gobernacionaltaverapaz.gob.gt\/index.php?rest_route=\/wp\/v2\/media\/23651"}],"wp:attachment":[{"href":"https:\/\/gobernacionaltaverapaz.gob.gt\/index.php?rest_route=%2Fwp%2Fv2%2Fmedia&parent=23662"}],"wp:term":[{"taxonomy":"category","embeddable":true,"href":"https:\/\/gobernacionaltaverapaz.gob.gt\/index.php?rest_route=%2Fwp%2Fv2%2Fcategories&post=23662"},{"taxonomy":"post_tag","embeddable":true,"href":"https:\/\/gobernacionaltaverapaz.gob.gt\/index.php?rest_route=%2Fwp%2Fv2%2Ftags&post=23662"}],"curies":[{"name":"wp","href":"https:\/\/api.w.org\/{rel}","templated":true}]}}