{"id":23685,"date":"2025-10-28T12:21:46","date_gmt":"2025-10-28T18:21:46","guid":{"rendered":"https:\/\/gobernacionaltaverapaz.gob.gt\/?p=23685"},"modified":"2025-11-10T16:37:17","modified_gmt":"2025-11-10T22:37:17","slug":"reunion-ordinaria-del-consejo-departamental-de-desarrollo-codede-alta-verapaz","status":"publish","type":"post","link":"https:\/\/gobernacionaltaverapaz.gob.gt\/?p=23685","title":{"rendered":"Reuni\u00f3n Ordinaria del Consejo Departamental de Desarrollo \u2013 CODEDE Alta Verapaz"},"content":{"rendered":"<div class=\"xdj266r x14z9mp xat24cr x1lziwak x1vvkbs x126k92a\">\n<div dir=\"auto\" style=\"text-align: justify;\">El pasado lunes 27 de octubre de 2025 se desarroll\u00f3 la Reuni\u00f3n Ordinaria del Consejo Departamental de Desarrollo \u2013 CODEDE Alta Verapaz, con la participaci\u00f3n de autoridades municipales y delegados institucionales, en un esfuerzo conjunto por fortalecer la planificaci\u00f3n y ejecuci\u00f3n de proyectos en beneficio de la poblaci\u00f3n.<\/div>\n<\/div>\n<div class=\"x14z9mp xat24cr x1lziwak x1vvkbs xtlvy1s x126k92a\" style=\"text-align: justify;\">\n<div dir=\"auto\">Durante la sesi\u00f3n se presentaron los avances del programa de certificaci\u00f3n impartido por el INAP, reconociendo a la municipalidad de Fray Bartolom\u00e9 de las Casas y a sus Direcciones Municipales de Planificaci\u00f3n; los procesos de preinversi\u00f3n impulsados por SEGEPLAN; as\u00ed como la socializaci\u00f3n de la Propuesta de Inversi\u00f3n 2027. Asimismo, se dieron a conocer los avances f\u00edsicos y financieros de los recursos 2025 y extraordinarios, y se socializaron tanto el Programa Municipio Fiscalizado como el proyecto de Residencia Universitaria de la Asociaci\u00f3n Estudiantil Retornar.<\/div>\n<\/div>\n<div class=\"x14z9mp xat24cr x1lziwak x1vvkbs xtlvy1s x126k92a\">\n<div dir=\"auto\" style=\"text-align: justify;\">El trabajo articulado de las instituciones y municipalidades reafirma el compromiso de orientar la inversi\u00f3n p\u00fablica con transparencia y eficacia, para alcanzar metas comunes y obtener resultados que fortalezcan el desarrollo de Alta Verapaz.<\/div>\n<\/div>\n<p>&nbsp;<\/p>\n<p>&nbsp;<\/p>\n<div><\/div>\n","protected":false},"excerpt":{"rendered":"<p>El pasado lunes 27 de octubre de 2025 se desarroll\u00f3 la Reuni\u00f3n Ordinaria del Consejo Departamental de Desarrollo \u2013 CODEDE Alta Verapaz, con la participaci\u00f3n de autoridades municipales y delegados institucionales, en un esfuerzo conjunto por fortalecer la planificaci\u00f3n y ejecuci\u00f3n de proyectos en beneficio de la poblaci\u00f3n. Durante la sesi\u00f3n se presentaron los avances [&hellip;]<\/p>\n","protected":false},"author":1,"featured_media":23675,"comment_status":"closed","ping_status":"open","sticky":false,"template":"","format":"gallery","meta":[],"categories":[183],"tags":[178],"_links":{"self":[{"href":"https:\/\/gobernacionaltaverapaz.gob.gt\/index.php?rest_route=\/wp\/v2\/posts\/23685"}],"collection":[{"href":"https:\/\/gobernacionaltaverapaz.gob.gt\/index.php?rest_route=\/wp\/v2\/posts"}],"about":[{"href":"https:\/\/gobernacionaltaverapaz.gob.gt\/index.php?rest_route=\/wp\/v2\/types\/post"}],"author":[{"embeddable":true,"href":"https:\/\/gobernacionaltaverapaz.gob.gt\/index.php?rest_route=\/wp\/v2\/users\/1"}],"replies":[{"embeddable":true,"href":"https:\/\/gobernacionaltaverapaz.gob.gt\/index.php?rest_route=%2Fwp%2Fv2%2Fcomments&post=23685"}],"version-history":[{"count":1,"href":"https:\/\/gobernacionaltaverapaz.gob.gt\/index.php?rest_route=\/wp\/v2\/posts\/23685\/revisions"}],"predecessor-version":[{"id":23686,"href":"https:\/\/gobernacionaltaverapaz.gob.gt\/index.php?rest_route=\/wp\/v2\/posts\/23685\/revisions\/23686"}],"wp:featuredmedia":[{"embeddable":true,"href":"https:\/\/gobernacionaltaverapaz.gob.gt\/index.php?rest_route=\/wp\/v2\/media\/23675"}],"wp:attachment":[{"href":"https:\/\/gobernacionaltaverapaz.gob.gt\/index.php?rest_route=%2Fwp%2Fv2%2Fmedia&parent=23685"}],"wp:term":[{"taxonomy":"category","embeddable":true,"href":"https:\/\/gobernacionaltaverapaz.gob.gt\/index.php?rest_route=%2Fwp%2Fv2%2Fcategories&post=23685"},{"taxonomy":"post_tag","embeddable":true,"href":"https:\/\/gobernacionaltaverapaz.gob.gt\/index.php?rest_route=%2Fwp%2Fv2%2Ftags&post=23685"}],"curies":[{"name":"wp","href":"https:\/\/api.w.org\/{rel}","templated":true}]}}